{"id":992821,"date":"2026-03-25T11:23:21","date_gmt":"2026-03-25T11:23:21","guid":{"rendered":"https:\/\/www.cortesanruffillo.it\/?p=992821"},"modified":"2026-04-21T08:28:26","modified_gmt":"2026-04-21T08:28:26","slug":"delitto-di-primavera","status":"publish","type":"post","link":"https:\/\/www.cortesanruffillo.it\/en\/delitto-di-primavera\/","title":{"rendered":"Delitto di Primavera"},"content":{"rendered":"<div data-elementor-type=\"wp-post\" data-elementor-id=\"992821\" class=\"elementor elementor-992821\" data-elementor-post-type=\"post\">\n\t\t\t\t<div class=\"elementor-element elementor-element-fc7f636 e-flex e-con-boxed e-con e-parent\" data-id=\"fc7f636\" data-element_type=\"container\">\n\t\t\t\t\t<div class=\"e-con-inner\">\n\t\t\t\t\t<\/div>\n\t\t\t\t<\/div>\n\t\t\t\t<section class=\"elementor-section elementor-top-section elementor-element elementor-element-590fa776 elementor-section-stretched elementor-section-boxed elementor-section-height-default elementor-section-height-default\" data-id=\"590fa776\" data-element_type=\"section\" data-settings=\"{&quot;stretch_section&quot;:&quot;section-stretched&quot;}\">\n\t\t\t\t\t\t<div class=\"elementor-container elementor-column-gap-no\">\n\t\t\t\t\t<div class=\"elementor-column elementor-col-100 elementor-top-column elementor-element elementor-element-53a5ecae\" data-id=\"53a5ecae\" data-element_type=\"column\">\n\t\t\t<div class=\"elementor-widget-wrap elementor-element-populated\">\n\t\t\t\t\t\t<div class=\"elementor-element elementor-element-7ed061de elementor-widget-mobile__width-inherit elementor-widget__width-initial elementor-widget elementor-widget-text-editor\" data-id=\"7ed061de\" data-element_type=\"widget\" data-widget_type=\"text-editor.default\">\n\t\t\t\t<div class=\"elementor-widget-container\">\n\t\t\t\t\t\t\t\t\t<p><em>\u201cUn indizio \u00e8 un indizio, due indizi sono una coincidenza, ma tre indizi fanno una prova!\u201d<\/em><\/p><p>\u2013 Agatha Christie.<\/p><p>\u00a0<\/p><h4>E tu, sei disposto a metterti in gioco per scoprire quale indizio ti porter\u00e0 alla soluzione del giallo?<\/h4><p>\u00a0<\/p><p>La storia si svilupper\u00e0 su due giornate; inizialmente saranno i dialoghi e la psicologia del personaggi che ti cattureranno e poi arriveranno i ragionamenti, i sospetti e le prove!<br \/>Tutto sar\u00e0 possibile e non troppo scontato.<\/p><p>\u00a0<\/p><p>Come per magia ti ritroverai a raccontare, sia come interprete che come spettatore , un noir d\u2019altri tempi ambientato nella affascinante e suggestiva Corte San Ruffillo.<br \/>Sei pronto a scoprire se l\u2019assassino sei proprio tu? Ti senti pi\u00f9 complice, colpevole o vittima?<\/p><p>\u00a0<\/p><p>Segreti, misteri e bugie aleggeranno nell\u2019aria e tu, sarai in grado di scoprire la verit\u00e0? e come affermava Sir Arthur Conan Doyle : \u201d La singolarit\u00e0 di un crimine \u00e8 quasi invariabilmente un indizio di per s\u00e9. Pi\u00f9 banale e comune \u00e8 un delitto, pi\u00f9 difficile \u00e8 venirne a capo!\u201d<\/p><p><br \/>Un\u2019imperdibile occasione per metterti alla prova nell\u2019investigazione, rilassarti nella spa, passare un fine settimana divertente e nuovo che <strong>per 2 notti e 3 giorni trasformer\u00e0 Corte San Ruffillo in un agriturismo da brividi<\/strong> e vi render\u00e0 protagonisti della storia, in maniera interattiva.<\/p><p>\u00a0<\/p><p><strong>Giorgia Masneri<\/strong>, la regista, vi accompagner\u00e0 in un indimenticabile viaggio per tutti gli appassionati di crime investigation, rendendolo un\u2019esperienza adatta a tutti: per un divertimento assicurato.<\/p>\t\t\t\t\t\t\t\t<\/div>\n\t\t\t\t<\/div>\n\t\t\t\t<div class=\"elementor-element elementor-element-480aad2 elementor-widget-divider--view-line elementor-widget elementor-widget-divider\" data-id=\"480aad2\" data-element_type=\"widget\" data-widget_type=\"divider.default\">\n\t\t\t\t<div class=\"elementor-widget-container\">\n\t\t\t\t\t\t\t<div class=\"elementor-divider\">\n\t\t\t<span class=\"elementor-divider-separator\">\n\t\t\t\t\t\t<\/span>\n\t\t<\/div>\n\t\t\t\t\t\t<\/div>\n\t\t\t\t<\/div>\n\t\t\t\t<div class=\"elementor-element elementor-element-2b92d06 elementor-widget-mobile__width-inherit elementor-widget__width-initial elementor-widget elementor-widget-text-editor\" data-id=\"2b92d06\" data-element_type=\"widget\" data-widget_type=\"text-editor.default\">\n\t\t\t\t<div class=\"elementor-widget-container\">\n\t\t\t\t\t\t\t\t\t<p>Il Weekend con delitto \u00e8 l\u2019occasione perfetta per incontrare nuovi amici e assaggiare i nostri vini bio in abbinamento ai piatti proposti dal nostro chef e concedersi momenti di autentico relax presso la nostra SPA avvolti in un\u2019atmosfera suggestiva: vasca idromassaggio calda con vetrate panoramiche, sauna, bucket shower, bagno turco, docce emozionali, trattamenti e massaggi.<\/p><p>\u00a0<\/p><p>The ideal venue for you, your friends or family, or intimate group, for an exclusive and regenerative experience.<\/p><p>Il luogo ideale per abbinare alla nuova esperienza del weekend con delitto, un\u2019attivit\u00e0 che fa di natura e benessere una cosa sola.<\/p>\t\t\t\t\t\t\t\t<\/div>\n\t\t\t\t<\/div>\n\t\t\t\t<div class=\"elementor-element elementor-element-0569459 elementor-widget-divider--view-line elementor-widget elementor-widget-divider\" data-id=\"0569459\" data-element_type=\"widget\" data-widget_type=\"divider.default\">\n\t\t\t\t<div class=\"elementor-widget-container\">\n\t\t\t\t\t\t\t<div class=\"elementor-divider\">\n\t\t\t<span class=\"elementor-divider-separator\">\n\t\t\t\t\t\t<\/span>\n\t\t<\/div>\n\t\t\t\t\t\t<\/div>\n\t\t\t\t<\/div>\n\t\t\t\t<div class=\"elementor-element elementor-element-951301e elementor-widget-mobile__width-inherit elementor-widget__width-initial elementor-widget elementor-widget-text-editor\" data-id=\"951301e\" data-element_type=\"widget\" data-widget_type=\"text-editor.default\">\n\t\t\t\t<div class=\"elementor-widget-container\">\n\t\t\t\t\t\t\t\t\t<p>Le nostre stanze, tutte diverse, tra canonica settecentesca e villa padronale dell\u2019800, conservano un tocco del passato nei muri in pietra a vista, ma i comfort di moderni servizi.<\/p><p>Inoltre la location della struttura permette di poter visitare in un giorno il nostro magnifico territorio della Romagna Toscana.<\/p>\t\t\t\t\t\t\t\t<\/div>\n\t\t\t\t<\/div>\n\t\t\t\t<div class=\"elementor-element elementor-element-8528e0e elementor-widget-divider--view-line elementor-widget elementor-widget-divider\" data-id=\"8528e0e\" data-element_type=\"widget\" data-widget_type=\"divider.default\">\n\t\t\t\t<div class=\"elementor-widget-container\">\n\t\t\t\t\t\t\t<div class=\"elementor-divider\">\n\t\t\t<span class=\"elementor-divider-separator\">\n\t\t\t\t\t\t<\/span>\n\t\t<\/div>\n\t\t\t\t\t\t<\/div>\n\t\t\t\t<\/div>\n\t\t\t\t<div class=\"elementor-element elementor-element-e4cb2be elementor-widget-mobile__width-inherit elementor-widget__width-initial elementor-widget elementor-widget-text-editor\" data-id=\"e4cb2be\" data-element_type=\"widget\" data-widget_type=\"text-editor.default\">\n\t\t\t\t<div class=\"elementor-widget-container\">\n\t\t\t\t\t\t\t\t\t<p>Il pacchetto del weekend con delitto include il seguente programma da venerd\u00ec 22 a domenica 24 maggio:<\/p><p>\u00a0<\/p><h5>Venerd\u00ec 22 maggio<\/h5><p>dalle 16:00 check in<br \/>16:00-20:00 accesso di 2 ore alla SPA<br \/>ore 20:30 aperitivo con spiegazione, inizio gioco e cena;<br \/>ore 23:30 fine prima parte.<\/p><p>\u00a0<\/p><h5>Sabato 23 maggio<\/h5><p>ore 8:30 \u2013 10:00 colazione;<br \/>ore 10:00 \u2013 12:30 seconda parte.<br \/>ore 12.30 pranzo libero (disponibile il brunch su prenotazione con costo aggiuntivo)<br \/>14:00-18:00 accesso di 2 ore alla SPA<br \/>ore 19.30 ultimi indizi<br \/>ore 20.30 cena con atto finale<\/p><p>\u00a0<\/p><h5>Domenica 24 maggio<\/h5><p>Colazione e partenza, (possibilit\u00e0 di brunch e spa su prenotazione con costo aggiuntivo)<\/p><p>\u00a0<\/p><p><strong>Pacchetto weekend con delitto a partire da 280,00\u20ac a testa per i 3 giorni e 2 notti.<\/strong><\/p><p>\u00a0<\/p><p><strong>Camere classiche e confortevoli<\/strong>, prezzo per persona per 2 notti con colazione, cena di benvenuto del venerd\u00ec e cena del sabato, accesso di 2 ore alla spa sia il venerd\u00ec che il sabato pomeriggio: 280,00\u20ac<\/p><p><strong>Camere superiori e speciali<\/strong>, prezzo per persona per 2 notti con colazione, cena di benvenuto del venerd\u00ec e cena del sabato, accesso di 2 ore alla spa sia il venerd\u00ec che il sabato pomeriggio: 335,00\u20ac<\/p><p>\u00a0<\/p><p><strong>Rimani con noi una notte in pi\u00f9!<\/strong><\/p><p>la terza notte avr\u00e0 un prezzo speciale, <strong>scontato del 30%<\/strong> su quello di listino.<\/p>\t\t\t\t\t\t\t\t<\/div>\n\t\t\t\t<\/div>\n\t\t\t\t<div class=\"elementor-element elementor-element-95f091f elementor-widget-divider--view-line elementor-widget elementor-widget-divider\" data-id=\"95f091f\" data-element_type=\"widget\" data-widget_type=\"divider.default\">\n\t\t\t\t<div class=\"elementor-widget-container\">\n\t\t\t\t\t\t\t<div class=\"elementor-divider\">\n\t\t\t<span class=\"elementor-divider-separator\">\n\t\t\t\t\t\t<\/span>\n\t\t<\/div>\n\t\t\t\t\t\t<\/div>\n\t\t\t\t<\/div>\n\t\t\t\t<div class=\"elementor-element elementor-element-98d6c21 elementor-widget-mobile__width-inherit elementor-widget__width-initial elementor-widget elementor-widget-text-editor\" data-id=\"98d6c21\" data-element_type=\"widget\" data-widget_type=\"text-editor.default\">\n\t\t\t\t<div class=\"elementor-widget-container\">\n\t\t\t\t\t\t\t\t\t<p><b>INFO &amp; PRENOTAZIONI<\/b><b><\/b><\/p><p><b>\u00a0<\/b><\/p><p>E-mail: <a href=\"mailto:info@cortesanruffillo.it\">info@cortesanruffillo.it\u00a0<\/a><\/p><p>Telefono: <a href=\"tel:+390543934 674\">0543 934 674\u00a0<\/a><\/p><p>Cellulare: <a href=\"tel:+393489404101\">348 940 4101<\/a> (anche WhatsApp)<\/p>\t\t\t\t\t\t\t\t<\/div>\n\t\t\t\t<\/div>\n\t\t\t\t\t<\/div>\n\t\t<\/div>\n\t\t\t\t\t<\/div>\n\t\t<\/section>\n\t\t\t\t<\/div>","protected":false},"excerpt":{"rendered":"<p>fatale fu la bella stagione&#8230;<\/p>","protected":false},"author":4,"featured_media":992822,"comment_status":"closed","ping_status":"closed","sticky":false,"template":"","format":"standard","meta":{"footnotes":""},"categories":[97],"tags":[],"class_list":["post-992821","post","type-post","status-publish","format-standard","has-post-thumbnail","hentry","category-eventi"],"yoast_head":"<!-- This site is optimized with the Yoast SEO plugin v25.3.1 - https:\/\/yoast.com\/wordpress\/plugins\/seo\/ -->\n<title>Delitto di Primavera - Corte San Ruffillo<\/title>\n<meta name=\"robots\" content=\"index, follow, max-snippet:-1, max-image-preview:large, max-video-preview:-1\" \/>\n<link rel=\"canonical\" href=\"https:\/\/www.cortesanruffillo.it\/en\/delitto-di-primavera\/\" \/>\n<meta property=\"og:locale\" content=\"en_GB\" \/>\n<meta property=\"og:type\" content=\"article\" \/>\n<meta property=\"og:title\" content=\"Delitto di Primavera - Corte San Ruffillo\" \/>\n<meta property=\"og:description\" content=\"fatale fu la bella stagione...\" \/>\n<meta property=\"og:url\" content=\"https:\/\/www.cortesanruffillo.it\/en\/delitto-di-primavera\/\" \/>\n<meta property=\"og:site_name\" content=\"Corte San Ruffillo\" \/>\n<meta property=\"article:publisher\" content=\"https:\/\/www.facebook.com\/CorteSanRuffilloAgriturismo\/\" \/>\n<meta property=\"article:published_time\" content=\"2026-03-25T11:23:21+00:00\" \/>\n<meta property=\"article:modified_time\" content=\"2026-04-21T08:28:26+00:00\" \/>\n<meta property=\"og:image\" content=\"https:\/\/www.cortesanruffillo.it\/wp-content\/uploads\/2026\/04\/22-24-maggio-delitto-di-primavera.jpg\" \/>\n\t<meta property=\"og:image:width\" content=\"1500\" \/>\n\t<meta property=\"og:image:height\" content=\"1000\" \/>\n\t<meta property=\"og:image:type\" content=\"image\/jpeg\" \/>\n<meta name=\"author\" content=\"laura antoniazzi\" \/>\n<meta name=\"twitter:card\" content=\"summary_large_image\" \/>\n<meta name=\"twitter:label1\" content=\"Written by\" \/>\n\t<meta name=\"twitter:data1\" content=\"laura antoniazzi\" \/>\n\t<meta name=\"twitter:label2\" content=\"Est. reading time\" \/>\n\t<meta name=\"twitter:data2\" content=\"4 minutes\" \/>\n<script type=\"application\/ld+json\" class=\"yoast-schema-graph\">{\"@context\":\"https:\/\/schema.org\",\"@graph\":[{\"@type\":\"Article\",\"@id\":\"https:\/\/www.cortesanruffillo.it\/delitto-di-primavera\/#article\",\"isPartOf\":{\"@id\":\"https:\/\/www.cortesanruffillo.it\/delitto-di-primavera\/\"},\"author\":{\"name\":\"laura antoniazzi\",\"@id\":\"https:\/\/www.cortesanruffillo.it\/#\/schema\/person\/b0ef66a6ee107ad8f2064e4f75d258dd\"},\"headline\":\"Delitto di Primavera\",\"datePublished\":\"2026-03-25T11:23:21+00:00\",\"dateModified\":\"2026-04-21T08:28:26+00:00\",\"mainEntityOfPage\":{\"@id\":\"https:\/\/www.cortesanruffillo.it\/delitto-di-primavera\/\"},\"wordCount\":569,\"publisher\":{\"@id\":\"https:\/\/www.cortesanruffillo.it\/#organization\"},\"image\":{\"@id\":\"https:\/\/www.cortesanruffillo.it\/delitto-di-primavera\/#primaryimage\"},\"thumbnailUrl\":\"https:\/\/www.cortesanruffillo.it\/wp-content\/uploads\/2026\/04\/22-24-maggio-delitto-di-primavera.jpg\",\"articleSection\":[\"Eventi\"],\"inLanguage\":\"en-GB\"},{\"@type\":\"WebPage\",\"@id\":\"https:\/\/www.cortesanruffillo.it\/delitto-di-primavera\/\",\"url\":\"https:\/\/www.cortesanruffillo.it\/delitto-di-primavera\/\",\"name\":\"Delitto di Primavera - Corte San Ruffillo\",\"isPartOf\":{\"@id\":\"https:\/\/www.cortesanruffillo.it\/#website\"},\"primaryImageOfPage\":{\"@id\":\"https:\/\/www.cortesanruffillo.it\/delitto-di-primavera\/#primaryimage\"},\"image\":{\"@id\":\"https:\/\/www.cortesanruffillo.it\/delitto-di-primavera\/#primaryimage\"},\"thumbnailUrl\":\"https:\/\/www.cortesanruffillo.it\/wp-content\/uploads\/2026\/04\/22-24-maggio-delitto-di-primavera.jpg\",\"datePublished\":\"2026-03-25T11:23:21+00:00\",\"dateModified\":\"2026-04-21T08:28:26+00:00\",\"breadcrumb\":{\"@id\":\"https:\/\/www.cortesanruffillo.it\/delitto-di-primavera\/#breadcrumb\"},\"inLanguage\":\"en-GB\",\"potentialAction\":[{\"@type\":\"ReadAction\",\"target\":[\"https:\/\/www.cortesanruffillo.it\/delitto-di-primavera\/\"]}]},{\"@type\":\"ImageObject\",\"inLanguage\":\"en-GB\",\"@id\":\"https:\/\/www.cortesanruffillo.it\/delitto-di-primavera\/#primaryimage\",\"url\":\"https:\/\/www.cortesanruffillo.it\/wp-content\/uploads\/2026\/04\/22-24-maggio-delitto-di-primavera.jpg\",\"contentUrl\":\"https:\/\/www.cortesanruffillo.it\/wp-content\/uploads\/2026\/04\/22-24-maggio-delitto-di-primavera.jpg\",\"width\":1500,\"height\":1000},{\"@type\":\"BreadcrumbList\",\"@id\":\"https:\/\/www.cortesanruffillo.it\/delitto-di-primavera\/#breadcrumb\",\"itemListElement\":[{\"@type\":\"ListItem\",\"position\":1,\"name\":\"Home\",\"item\":\"https:\/\/www.cortesanruffillo.it\/\"},{\"@type\":\"ListItem\",\"position\":2,\"name\":\"Delitto di Primavera\"}]},{\"@type\":\"WebSite\",\"@id\":\"https:\/\/www.cortesanruffillo.it\/#website\",\"url\":\"https:\/\/www.cortesanruffillo.it\/\",\"name\":\"Corte San Ruffillo\",\"description\":\"Agriresort\",\"publisher\":{\"@id\":\"https:\/\/www.cortesanruffillo.it\/#organization\"},\"potentialAction\":[{\"@type\":\"SearchAction\",\"target\":{\"@type\":\"EntryPoint\",\"urlTemplate\":\"https:\/\/www.cortesanruffillo.it\/?s={search_term_string}\"},\"query-input\":{\"@type\":\"PropertyValueSpecification\",\"valueRequired\":true,\"valueName\":\"search_term_string\"}}],\"inLanguage\":\"en-GB\"},{\"@type\":\"Organization\",\"@id\":\"https:\/\/www.cortesanruffillo.it\/#organization\",\"name\":\"Corte San Ruffillo\",\"url\":\"https:\/\/www.cortesanruffillo.it\/\",\"logo\":{\"@type\":\"ImageObject\",\"inLanguage\":\"en-GB\",\"@id\":\"https:\/\/www.cortesanruffillo.it\/#\/schema\/logo\/image\/\",\"url\":\"https:\/\/www.cortesanruffillo.it\/wp-content\/uploads\/2021\/02\/CSR-logo-completo.svg\",\"contentUrl\":\"https:\/\/www.cortesanruffillo.it\/wp-content\/uploads\/2021\/02\/CSR-logo-completo.svg\",\"width\":1,\"height\":1,\"caption\":\"Corte San Ruffillo\"},\"image\":{\"@id\":\"https:\/\/www.cortesanruffillo.it\/#\/schema\/logo\/image\/\"},\"sameAs\":[\"https:\/\/www.facebook.com\/CorteSanRuffilloAgriturismo\/\",\"https:\/\/www.instagram.com\/cortesanruffillo\/\",\"https:\/\/www.matrimonio.com\/agriturismo-ricevimenti\/corte-san-ruffillo--e195922\",\"https:\/\/www.youtube.com\/@infocortesanruffillo3910\"]},{\"@type\":\"Person\",\"@id\":\"https:\/\/www.cortesanruffillo.it\/#\/schema\/person\/b0ef66a6ee107ad8f2064e4f75d258dd\",\"name\":\"laura antoniazzi\",\"image\":{\"@type\":\"ImageObject\",\"inLanguage\":\"en-GB\",\"@id\":\"https:\/\/www.cortesanruffillo.it\/#\/schema\/person\/image\/\",\"url\":\"https:\/\/secure.gravatar.com\/avatar\/65580e0f440adcaa3d63d50f8b7d2b3a76feb5c5a19daa9d82a6d26a888aaf64?s=96&d=mm&r=g\",\"contentUrl\":\"https:\/\/secure.gravatar.com\/avatar\/65580e0f440adcaa3d63d50f8b7d2b3a76feb5c5a19daa9d82a6d26a888aaf64?s=96&d=mm&r=g\",\"caption\":\"laura antoniazzi\"},\"url\":\"https:\/\/www.cortesanruffillo.it\/en\/author\/emindadmin\/\"}]}<\/script>\n<!-- \/ Yoast SEO plugin. -->","yoast_head_json":{"title":"Delitto di Primavera - Corte San Ruffillo","robots":{"index":"index","follow":"follow","max-snippet":"max-snippet:-1","max-image-preview":"max-image-preview:large","max-video-preview":"max-video-preview:-1"},"canonical":"https:\/\/www.cortesanruffillo.it\/en\/delitto-di-primavera\/","og_locale":"en_GB","og_type":"article","og_title":"Delitto di Primavera - Corte San Ruffillo","og_description":"fatale fu la bella stagione...","og_url":"https:\/\/www.cortesanruffillo.it\/en\/delitto-di-primavera\/","og_site_name":"Corte San Ruffillo","article_publisher":"https:\/\/www.facebook.com\/CorteSanRuffilloAgriturismo\/","article_published_time":"2026-03-25T11:23:21+00:00","article_modified_time":"2026-04-21T08:28:26+00:00","og_image":[{"width":1500,"height":1000,"url":"https:\/\/www.cortesanruffillo.it\/wp-content\/uploads\/2026\/04\/22-24-maggio-delitto-di-primavera.jpg","type":"image\/jpeg"}],"author":"laura antoniazzi","twitter_card":"summary_large_image","twitter_misc":{"Written by":"laura antoniazzi","Est. reading time":"4 minutes"},"schema":{"@context":"https:\/\/schema.org","@graph":[{"@type":"Article","@id":"https:\/\/www.cortesanruffillo.it\/delitto-di-primavera\/#article","isPartOf":{"@id":"https:\/\/www.cortesanruffillo.it\/delitto-di-primavera\/"},"author":{"name":"laura antoniazzi","@id":"https:\/\/www.cortesanruffillo.it\/#\/schema\/person\/b0ef66a6ee107ad8f2064e4f75d258dd"},"headline":"Delitto di Primavera","datePublished":"2026-03-25T11:23:21+00:00","dateModified":"2026-04-21T08:28:26+00:00","mainEntityOfPage":{"@id":"https:\/\/www.cortesanruffillo.it\/delitto-di-primavera\/"},"wordCount":569,"publisher":{"@id":"https:\/\/www.cortesanruffillo.it\/#organization"},"image":{"@id":"https:\/\/www.cortesanruffillo.it\/delitto-di-primavera\/#primaryimage"},"thumbnailUrl":"https:\/\/www.cortesanruffillo.it\/wp-content\/uploads\/2026\/04\/22-24-maggio-delitto-di-primavera.jpg","articleSection":["Eventi"],"inLanguage":"en-GB"},{"@type":"WebPage","@id":"https:\/\/www.cortesanruffillo.it\/delitto-di-primavera\/","url":"https:\/\/www.cortesanruffillo.it\/delitto-di-primavera\/","name":"Delitto di Primavera - Corte San Ruffillo","isPartOf":{"@id":"https:\/\/www.cortesanruffillo.it\/#website"},"primaryImageOfPage":{"@id":"https:\/\/www.cortesanruffillo.it\/delitto-di-primavera\/#primaryimage"},"image":{"@id":"https:\/\/www.cortesanruffillo.it\/delitto-di-primavera\/#primaryimage"},"thumbnailUrl":"https:\/\/www.cortesanruffillo.it\/wp-content\/uploads\/2026\/04\/22-24-maggio-delitto-di-primavera.jpg","datePublished":"2026-03-25T11:23:21+00:00","dateModified":"2026-04-21T08:28:26+00:00","breadcrumb":{"@id":"https:\/\/www.cortesanruffillo.it\/delitto-di-primavera\/#breadcrumb"},"inLanguage":"en-GB","potentialAction":[{"@type":"ReadAction","target":["https:\/\/www.cortesanruffillo.it\/delitto-di-primavera\/"]}]},{"@type":"ImageObject","inLanguage":"en-GB","@id":"https:\/\/www.cortesanruffillo.it\/delitto-di-primavera\/#primaryimage","url":"https:\/\/www.cortesanruffillo.it\/wp-content\/uploads\/2026\/04\/22-24-maggio-delitto-di-primavera.jpg","contentUrl":"https:\/\/www.cortesanruffillo.it\/wp-content\/uploads\/2026\/04\/22-24-maggio-delitto-di-primavera.jpg","width":1500,"height":1000},{"@type":"BreadcrumbList","@id":"https:\/\/www.cortesanruffillo.it\/delitto-di-primavera\/#breadcrumb","itemListElement":[{"@type":"ListItem","position":1,"name":"Home","item":"https:\/\/www.cortesanruffillo.it\/"},{"@type":"ListItem","position":2,"name":"Delitto di Primavera"}]},{"@type":"WebSite","@id":"https:\/\/www.cortesanruffillo.it\/#website","url":"https:\/\/www.cortesanruffillo.it\/","name":"Corte San Ruffillo","description":"Agriresort","publisher":{"@id":"https:\/\/www.cortesanruffillo.it\/#organization"},"potentialAction":[{"@type":"SearchAction","target":{"@type":"EntryPoint","urlTemplate":"https:\/\/www.cortesanruffillo.it\/?s={search_term_string}"},"query-input":{"@type":"PropertyValueSpecification","valueRequired":true,"valueName":"search_term_string"}}],"inLanguage":"en-GB"},{"@type":"Organization","@id":"https:\/\/www.cortesanruffillo.it\/#organization","name":"Corte San Ruffillo","url":"https:\/\/www.cortesanruffillo.it\/","logo":{"@type":"ImageObject","inLanguage":"en-GB","@id":"https:\/\/www.cortesanruffillo.it\/#\/schema\/logo\/image\/","url":"https:\/\/www.cortesanruffillo.it\/wp-content\/uploads\/2021\/02\/CSR-logo-completo.svg","contentUrl":"https:\/\/www.cortesanruffillo.it\/wp-content\/uploads\/2021\/02\/CSR-logo-completo.svg","width":1,"height":1,"caption":"Corte San Ruffillo"},"image":{"@id":"https:\/\/www.cortesanruffillo.it\/#\/schema\/logo\/image\/"},"sameAs":["https:\/\/www.facebook.com\/CorteSanRuffilloAgriturismo\/","https:\/\/www.instagram.com\/cortesanruffillo\/","https:\/\/www.matrimonio.com\/agriturismo-ricevimenti\/corte-san-ruffillo--e195922","https:\/\/www.youtube.com\/@infocortesanruffillo3910"]},{"@type":"Person","@id":"https:\/\/www.cortesanruffillo.it\/#\/schema\/person\/b0ef66a6ee107ad8f2064e4f75d258dd","name":"laura antoniazzi","image":{"@type":"ImageObject","inLanguage":"en-GB","@id":"https:\/\/www.cortesanruffillo.it\/#\/schema\/person\/image\/","url":"https:\/\/secure.gravatar.com\/avatar\/65580e0f440adcaa3d63d50f8b7d2b3a76feb5c5a19daa9d82a6d26a888aaf64?s=96&d=mm&r=g","contentUrl":"https:\/\/secure.gravatar.com\/avatar\/65580e0f440adcaa3d63d50f8b7d2b3a76feb5c5a19daa9d82a6d26a888aaf64?s=96&d=mm&r=g","caption":"laura antoniazzi"},"url":"https:\/\/www.cortesanruffillo.it\/en\/author\/emindadmin\/"}]}},"_links":{"self":[{"href":"https:\/\/www.cortesanruffillo.it\/en\/wp-json\/wp\/v2\/posts\/992821","targetHints":{"allow":["GET"]}}],"collection":[{"href":"https:\/\/www.cortesanruffillo.it\/en\/wp-json\/wp\/v2\/posts"}],"about":[{"href":"https:\/\/www.cortesanruffillo.it\/en\/wp-json\/wp\/v2\/types\/post"}],"author":[{"embeddable":true,"href":"https:\/\/www.cortesanruffillo.it\/en\/wp-json\/wp\/v2\/users\/4"}],"replies":[{"embeddable":true,"href":"https:\/\/www.cortesanruffillo.it\/en\/wp-json\/wp\/v2\/comments?post=992821"}],"version-history":[{"count":7,"href":"https:\/\/www.cortesanruffillo.it\/en\/wp-json\/wp\/v2\/posts\/992821\/revisions"}],"predecessor-version":[{"id":992829,"href":"https:\/\/www.cortesanruffillo.it\/en\/wp-json\/wp\/v2\/posts\/992821\/revisions\/992829"}],"wp:featuredmedia":[{"embeddable":true,"href":"https:\/\/www.cortesanruffillo.it\/en\/wp-json\/wp\/v2\/media\/992822"}],"wp:attachment":[{"href":"https:\/\/www.cortesanruffillo.it\/en\/wp-json\/wp\/v2\/media?parent=992821"}],"wp:term":[{"taxonomy":"category","embeddable":true,"href":"https:\/\/www.cortesanruffillo.it\/en\/wp-json\/wp\/v2\/categories?post=992821"},{"taxonomy":"post_tag","embeddable":true,"href":"https:\/\/www.cortesanruffillo.it\/en\/wp-json\/wp\/v2\/tags?post=992821"}],"curies":[{"name":"wp","href":"https:\/\/api.w.org\/{rel}","templated":true}]}}