{"id":992609,"date":"2026-04-21T06:46:06","date_gmt":"2026-04-21T06:46:06","guid":{"rendered":"https:\/\/www.cortesanruffillo.it\/?p=992609"},"modified":"2026-04-21T08:29:31","modified_gmt":"2026-04-21T08:29:31","slug":"sound-of-silence","status":"publish","type":"post","link":"https:\/\/www.cortesanruffillo.it\/en\/sound-of-silence\/","title":{"rendered":"Sound of Silence"},"content":{"rendered":"<div data-elementor-type=\"wp-post\" data-elementor-id=\"992609\" class=\"elementor elementor-992609\" data-elementor-post-type=\"post\">\n\t\t\t\t\t\t<section class=\"elementor-section elementor-top-section elementor-element elementor-element-590fa776 elementor-section-stretched elementor-section-boxed elementor-section-height-default elementor-section-height-default\" data-id=\"590fa776\" data-element_type=\"section\" data-settings=\"{&quot;stretch_section&quot;:&quot;section-stretched&quot;}\">\n\t\t\t\t\t\t<div class=\"elementor-container elementor-column-gap-no\">\n\t\t\t\t\t<div class=\"elementor-column elementor-col-100 elementor-top-column elementor-element elementor-element-53a5ecae\" data-id=\"53a5ecae\" data-element_type=\"column\">\n\t\t\t<div class=\"elementor-widget-wrap elementor-element-populated\">\n\t\t\t\t\t\t<div class=\"elementor-element elementor-element-7ed061de elementor-widget-mobile__width-inherit elementor-widget__width-initial elementor-widget elementor-widget-text-editor\" data-id=\"7ed061de\" data-element_type=\"widget\" data-widget_type=\"text-editor.default\">\n\t\t\t\t<div class=\"elementor-widget-container\">\n\t\t\t\t\t\t\t\t\t<p>23-26 Luglio 2026<\/p><h3 style=\"font: 400 36px \/ 46.8px civane-normal, sans-serif; letter-spacing: normal; text-transform: none; text-decoration: none; color: #3a4939;\"><em>La musica interiore<\/em><\/h3><p style=\"font-style: normal; font-variant-ligatures: normal; font-variant-caps: normal; font-weight: 400; font-size: 18px; font-family: Inconsolata, sans-serif;\"><em>\u201d Ogni tanto, persino nella vita di tutti i giorni, l\u2019armonia accade. Ci sono quei rari momenti in cui ti svegli la mattina e di colpo tutto sembra essere perfetto. Gli uccellini cantano, l\u2019aria \u00e8 fragrante, il sole sta sorgendo, e tu provi una pace totale. Per un istante non sei pi\u00f9 separato\u2026 senti dentro di te una gran gioia, senza alcun motivo. Improvvisamente ti senti vibrante, del tutto ringiovanito, a casa. Forse \u00e8 stata una notte di sonno e di riposo profondo, forse la bellezza della mattina, il canto degli uccelli, l\u2019aria pulita, le gocce di rugiada sull\u2019erba che splendono al sole \u2013 tutto questo ha creato il contesto. Non grazie ai tuoi sforzi, ma per puro caso sei entrato in sintonia con te stesso e con l\u2019esistenza.<\/em><\/p><p style=\"font-style: normal; font-variant-ligatures: normal; font-variant-caps: normal; font-weight: 400; font-size: 18px; font-family: Inconsolata, sans-serif;\"><em>L\u2019armonia che talvolta percepisci fuori, \u00e8 presente anche dentro di te \u2013 senza di essa non potresti vivere. Quell\u2019armonia \u00e8 vita e quella vita \u00e8 musica.<\/em><\/p><p style=\"font-style: normal; font-variant-ligatures: normal; font-variant-caps: normal; font-weight: 400; font-size: 18px; font-family: Inconsolata, sans-serif;\"><em>La musica \u00e8 gi\u00e0 presente, fluisce in te come una corrente sotterranea, perch\u00e9 quella musica \u00e8 la tua connessione con il tutto.<\/em><\/p><p style=\"font-style: normal; font-variant-ligatures: normal; font-variant-caps: normal; font-weight: 400; font-size: 18px; font-family: Inconsolata, sans-serif;\"><em>Se tagli quella connessione, sei morto. Il fatto stesso che sei vivo \u00e8 prova sufficiente della presenza della musica. L\u2019unica cosa che devi fare \u00e8 andare in profondit\u00e0 nel tuo essere e scoprire dove accade. \u201c<\/em><\/p><p style=\"font-style: normal; font-variant-ligatures: normal; font-variant-caps: normal; font-weight: 400; font-size: 18px; font-family: Inconsolata, sans-serif;\">-Osho, The Fish in the Sea Is Not Thirsty, Talk #10<\/p><p style=\"font-style: normal; font-variant-ligatures: normal; font-variant-caps: normal; font-weight: 400; font-size: 18px; font-family: Inconsolata, sans-serif;\">\u00a0<\/p><p>\u00a0<\/p><hr style=\"background-color: #fffdfc; font-family: Inconsolata, sans-serif;\" \/><h4 style=\"font: 400 24px \/ 31.2px 'Gilda Display', sans-serif; letter-spacing: normal; text-transform: none; text-decoration: none; color: #3a4939;\"><span style=\"font-weight: bold;\">\u00a0<\/span><\/h4><h4 style=\"font: 400 24px \/ 31.2px 'Gilda Display', sans-serif; letter-spacing: normal; text-transform: none; text-decoration: none; color: #3a4939;\"><span style=\"font-weight: bold;\">Premessa<\/span><\/h4><p style=\"font-style: normal; font-variant-ligatures: normal; font-variant-caps: normal; font-weight: 400; font-size: 18px; font-family: Inconsolata, sans-serif;\">La musica ed il silenzio sono due facce che convivono nella stessa medaglia. Cos\u00ec come il silenzio esiste sempre, anche mentre c\u2019\u00e8 musica, allo stesso modo esiste sempre la musica anche durante il silenzio.<\/p><p style=\"font-style: normal; font-variant-ligatures: normal; font-variant-caps: normal; font-weight: 400; font-size: 18px; font-family: Inconsolata, sans-serif;\">La meditazione \u00e8 uno stato dell\u2019essere dove il chiacchiericcio della mente \u00e8 afono. Per questo ha una sua fragranza, una sua intensit\u00e0 e vibra di note proprie: perch\u00e9 la meditazione \u00e8 il suono interiore che nasce dal silenzio.<\/p><p style=\"font-style: normal; font-variant-ligatures: normal; font-variant-caps: normal; font-weight: 400; font-size: 18px; font-family: Inconsolata, sans-serif;\">Per l\u2019uomo contemporaneo, avvolto e invaso dai suoni e soprattutto dai rumori, il silenzio \u00e8 sempre pi\u00f9 un elemento sconosciuto, quantunque desiderato. Quando \u00e8 possibile chiudere gli occhi, tendere le orecchie e non sentire nessuno stimolo uditivo? Quasi mai.<\/p><p style=\"font-style: normal; font-variant-ligatures: normal; font-variant-caps: normal; font-weight: 400; font-size: 18px; font-family: Inconsolata, sans-serif;\">\u00c8 poi vero che esistono suoni amici del sistema nervoso e quindi del rilassamento e della possibilit\u00e0 di andare in contatto con s\u00e9 in una dimensione armonica e rigenerante ed altri ostili, destabilizzanti o semplicemente stressanti. Mentre i primi appartengono alle frequenze della natura, al canto biologico della vita, all\u2019armonia naturale delle cose, gli altri solitamente sono creati dall\u2019uomo e dalle macchine che egli ha costruito. Questi ultimi attivano il nostro sistema nervoso perch\u00e9 sono tendenzialmente frequenze disarmoniche generate dall\u2019ego e dai bisogni non soddisfatti.<\/p><p style=\"font-style: normal; font-variant-ligatures: normal; font-variant-caps: normal; font-weight: 400; font-size: 18px; font-family: Inconsolata, sans-serif;\">\u00a0<\/p><p style=\"font-style: normal; font-variant-ligatures: normal; font-variant-caps: normal; font-weight: 400; font-size: 18px; font-family: Inconsolata, sans-serif;\">Questo festival nasce per creare una pausa dal ritmo stressante della vita ordinaria e riportare il nostro sistema nervoso in una dimensione di rilassamento ventro vagale. Vuole offrire suoni amici, frequenze armoniose che nascono dal cuore e dalla connessione con la parte pi\u00f9 profonda e autentica di noi.<\/p><p style=\"font-style: normal; font-variant-ligatures: normal; font-variant-caps: normal; font-weight: 400; font-size: 18px; font-family: Inconsolata, sans-serif;\">A condurlo ci sono ricercatori e musicisti che hanno fatto della meditazione e\/o della musica una parte centrale della loro vita. Che hanno riconosciuto nelle loro qualit\u00e0 e nei loro talenti dei doni non propri da condividere con gli altri. A dargli vita ci saranno tutte le persone che sceglieranno di partecipare.<\/p><p style=\"font-style: normal; font-variant-ligatures: normal; font-variant-caps: normal; font-weight: 400; font-size: 18px; font-family: Inconsolata, sans-serif;\">\u00a0<\/p><p style=\"font-style: normal; font-variant-ligatures: normal; font-variant-caps: normal; font-weight: 400; font-size: 18px; font-family: Inconsolata, sans-serif;\">Si susseguiranno in un ritmo armonico e rilassato vari eventi con a volte le sembianze di un concerto e a volte la parvenza di una meditazione. Tutto fluir\u00e0 tra note interiori e note che risuoneranno nelle sale, nei prati e nelle fronde degli alberi della tenuta di Corte San Ruffillo, un luogo di armonia, di pace, di gioia, di celebrazione e di rigenerazione.<\/p><p style=\"font-style: normal; font-variant-ligatures: normal; font-variant-caps: normal; font-weight: 400; font-size: 18px; font-family: Inconsolata, sans-serif;\">\u00a0<\/p><hr style=\"background-color: #fffdfc; font-family: Inconsolata, sans-serif;\" \/><h4 style=\"font: 400 24px \/ 31.2px 'Gilda Display', sans-serif; letter-spacing: normal; text-transform: none; text-decoration: none; color: #3a4939;\"><span style=\"font-weight: bold;\">\u00a0<\/span><\/h4><h4 style=\"font: 400 24px \/ 31.2px 'Gilda Display', sans-serif; letter-spacing: normal; text-transform: none; text-decoration: none; color: #3a4939;\"><span style=\"font-weight: bold;\">Programma<\/span><\/h4><div><span style=\"font-weight: bold;\">\u00a0<\/span><\/div><h5 style=\"font: 500 18px \/ 21.6px 'Work Sans', sans-serif; letter-spacing: normal; text-transform: none; text-decoration: none; color: #3a4939;\">\u2013 Gioved\u00ec 23 luglio<\/h5><p style=\"font-style: normal; font-variant-ligatures: normal; font-variant-caps: normal; font-weight: 400; font-size: 18px; font-family: Inconsolata, sans-serif;\">Ad aprire le attivit\u00e0 sar\u00e0, gioved\u00ec 23 nel tardo pomeriggio, un momento di pace e serenit\u00e0 da gustare tra la piscina ed il prato. Con sottofondi musicali di vario genere ognuno avr\u00e0 la possibilit\u00e0 di arrivare ed ambientarsi, lasciando dietro di s\u00e9 i pensieri e le preoccupazioni materiali della propria vita ordinaria. Un momento di decantazione che si armonizza con l\u2019attivit\u00e0 di produzione vinicola della Corte. Dopo un evento condotto dallo staff del Sound of Silence, in serata ci sar\u00e0 il concerto di Emiliano Toso e Valentina Wilhelm. Saremo accompagnati dalle frequenze a 432Hz del pianoforte di Emiliano e da quelle del violino di Valentina in un momento di cura dell\u2019anima.<\/p><p style=\"font-style: normal; font-variant-ligatures: normal; font-variant-caps: normal; font-weight: 400; font-size: 18px; font-family: Inconsolata, sans-serif;\">\u00a0<\/p><h5 style=\"font: 500 18px \/ 21.6px 'Work Sans', sans-serif; letter-spacing: normal; text-transform: none; text-decoration: none; color: #3a4939;\">\u2013 Venerd\u00ec 24 luglio<\/h5><p style=\"font-style: normal; font-variant-ligatures: normal; font-variant-caps: normal; font-weight: 400; font-size: 18px; font-family: Inconsolata, sans-serif;\">Il giorno seguente, venerd\u00ec 24, l\u2019apertura sar\u00e0 curata da Aseel e Prabhato che faciliteranno una meditazione attiva basata sul suono della propria voce. Ascoltando, facendosi attraversare e risuonando di specifiche frequenze andremo a riattivare in modo dolce e profondo i nostri principali 7 chakra. A seguire un momento di musica e meditazione con Emiliano Toso rivolto alla componente innocente e pura di ognuno di noi. Poi un laboratorio collettivo guidato dal Sound of Silence team. Dopo il pranzo spazio per scoprire la musicalit\u00e0 naturale di ognuno di noi in un laboratorio esperienziale condotto da Aseel e Aloka ed a seguire una meditazione che precede la cena. Per concludere la giornata saremo accompagnati dalle frequenze angeliche di Mouji in un concerto evento dove ricevere una carezza musicale comodamente sdraiati sul nostro tappetino da meditazione.<\/p><p style=\"font-style: normal; font-variant-ligatures: normal; font-variant-caps: normal; font-weight: 400; font-size: 18px; font-family: Inconsolata, sans-serif;\">\u00a0<\/p><h5 style=\"font: 500 18px \/ 21.6px 'Work Sans', sans-serif; letter-spacing: normal; text-transform: none; text-decoration: none; color: #3a4939;\">\u2013 Sabato 25 luglio<\/h5><p style=\"font-style: normal; font-variant-ligatures: normal; font-variant-caps: normal; font-weight: 400; font-size: 18px; font-family: Inconsolata, sans-serif;\">Sabato 25 nuovamente un risveglio dolce con Aseel e Prabhato e le tecniche di meditazione che uniscono la musica alla meditazione. A seguire un laboratorio condotto da Mouji e Prabhato sulla musica ed i chakra. Dopo pranzo sar\u00e0 possibile sperimentare l\u2019energia contagiosa e coinvolgente del community drum circle condotto da Harshil. In serata Mato e Harshil ci coinvolgeranno con una cerimonia musicale, vestita da live performance.<\/p><p style=\"font-style: normal; font-variant-ligatures: normal; font-variant-caps: normal; font-weight: 400; font-size: 18px; font-family: Inconsolata, sans-serif;\">\u00a0<\/p><h5 style=\"font: 500 18px \/ 21.6px 'Work Sans', sans-serif; letter-spacing: normal; text-transform: none; text-decoration: none; color: #3a4939;\">\u2013 Domenica 26 luglio<\/h5><p style=\"font-style: normal; font-variant-ligatures: normal; font-variant-caps: normal; font-weight: 400; font-size: 18px; font-family: Inconsolata, sans-serif;\">Infine, domenica 26, dopo il consueto risveglio meditativo con Aseel e Prabhato, ci sar\u00e0 un laboratorio che unir\u00e0 la danza al disegno come strumenti di espressione emotiva. Con l\u2019evento conclusivo, canteremo, danzeremo e suoneremo per celebrare la musica della vita.<\/p><h4 style=\"text-align: center;\">\u00a0<\/h4><h3 style=\"text-align: center;\">PROMO EARLY BIRD!<\/h3><p style=\"text-align: center;\"><em>Prenota a un prezzo speciale <strong>entro il 28 aprile<\/strong><\/em><\/p><p style=\"text-align: center;\"><em><strong>\u00a0<\/strong><\/em><\/p>\t\t\t\t\t\t\t\t<\/div>\n\t\t\t\t<\/div>\n\t\t\t\t<div class=\"vamtam-has-theme-widget-styles elementor-element elementor-element-5c6de7e elementor-align-justify elementor-widget elementor-widget-button\" data-id=\"5c6de7e\" data-element_type=\"widget\" data-widget_type=\"button.default\">\n\t\t\t\t<div class=\"elementor-widget-container\">\n\t\t\t\t\t\t\t\t\t<div class=\"elementor-button-wrapper\">\n\t\t\t\t\t<a class=\"elementor-button elementor-button-link elementor-size-sm\" href=\"#ProgrammaSingolo\">\n\t\t\t\t\t\t<span class=\"elementor-button-content-wrapper\">\n\t\t\t\t\t\t<span class=\"elementor-button-icon\">\n\t\t\t\t<svg aria-hidden=\"true\" class=\"e-font-icon-svg e-fas-leaf\" viewbox=\"0 0 576 512\" xmlns=\"http:\/\/www.w3.org\/2000\/svg\"><path d=\"M546.2 9.7c-5.6-12.5-21.6-13-28.3-1.2C486.9 62.4 431.4 96 368 96h-80C182 96 96 182 96 288c0 7 .8 13.7 1.5 20.5C161.3 262.8 253.4 224 384 224c8.8 0 16 7.2 16 16s-7.2 16-16 16C132.6 256 26 410.1 2.4 468c-6.6 16.3 1.2 34.9 17.5 41.6 16.4 6.8 35-1.1 41.8-17.3 1.5-3.6 20.9-47.9 71.9-90.6 32.4 43.9 94 85.8 174.9 77.2C465.5 467.5 576 326.7 576 154.3c0-50.2-10.8-102.2-29.8-144.6z\"><\/path><\/svg>\t\t\t<\/span>\n\t\t\t\t\t\t\t\t\t<span class=\"elementor-button-text\">Vai al Programma completo<\/span>\n\t\t\t\t\t<\/span>\n\t\t\t\t\t<\/a>\n\t\t\t\t<\/div>\n\t\t\t\t\t\t\t\t<\/div>\n\t\t\t\t<\/div>\n\t\t\t\t<div class=\"elementor-element elementor-element-5b250eb elementor-widget-mobile__width-inherit elementor-widget__width-initial elementor-widget elementor-widget-text-editor\" data-id=\"5b250eb\" data-element_type=\"widget\" data-widget_type=\"text-editor.default\">\n\t\t\t\t<div class=\"elementor-widget-container\">\n\t\t\t\t\t\t\t\t\t<p style=\"font-style: normal; font-variant-ligatures: normal; font-variant-caps: normal; font-weight: 400; font-size: 18px; font-family: Inconsolata, sans-serif;\">\u00a0<\/p><h4><strong><span style=\"font-family: Inconsolata, sans-serif;\">Corte San Ruffillo: Un Rifugio tra Storia e Natura<\/span><\/strong><\/h4><p><span style=\"font-family: Inconsolata, sans-serif;\">\u00a0<\/span><\/p><p><span style=\"font-family: Inconsolata, sans-serif;\">Immerso nel cuore pulsante della Romagna, a Dovadola, l&#8217;Agriresort Corte San Ruffillo non \u00e8 solo una cornice, ma parte integrante dell\u2019esperienza di Sound of Silence. Questo antico borgo in pietra, ancora vincolato dalle Belle Arti \u00e8 un luogo dove l\u2019armonia accade spontaneamente, circondato da prati silenziosi e fronde che sembrano vibrare all&#8217;unisono con il ritmo della natura.<\/span><\/p><p><span style=\"font-family: Inconsolata, sans-serif;\">\u00a0<\/span><\/p><p><span style=\"font-family: Inconsolata, sans-serif;\">La sua posizione privilegiata, a un passo dalle soglie del Parco Nazionale delle Foreste Casentinesi, permette di respirare un&#8217;aria intrisa della forza vitale di boschi millenari. Gli spazi del festival, che si muovono tra le sale storiche, i prati e i giardini della Canonica e della Villa padronale, sono stati scelti per favorire un contatto autentico con se stessi e con l\u2019ambiente circostante, offrendo una dimensione di pace e silenzio lontano dallo stress quotidiano. La piscina circondata dalle colline \u00e8 lo specchio in cui riflettere i momenti di relax tra un evento e l\u2019altro.<\/span><\/p><p><span style=\"font-family: Inconsolata, sans-serif;\">\u00a0<\/span><\/p><hr \/><p>\u00a0<\/p>\t\t\t\t\t\t\t\t<\/div>\n\t\t\t\t<\/div>\n\t\t\t\t<div class=\"elementor-element elementor-element-216f05a elementor-widget-mobile__width-inherit elementor-widget__width-initial elementor-widget elementor-widget-text-editor\" data-id=\"216f05a\" data-element_type=\"widget\" data-widget_type=\"text-editor.default\">\n\t\t\t\t<div class=\"elementor-widget-container\">\n\t\t\t\t\t\t\t\t\t<h3 style=\"text-align: center;\">Opzioni e costi di partecipazione<\/h3>\n<p style=\"text-align: center;\">Prenota entro il 25 maggio per non perderti <strong>lo sconto<\/strong>!<\/p>\n<p style=\"text-align: center;\"><br><\/p>\n<p><\/p>\n<h6><span style=\"color: #003300;\"><strong>1. <\/strong><\/span><span style=\"font-size: 16px;\">Eventi del gioved\u00ec sera con concerto di Emiliano Toso<\/span><\/h6>\n<p><strong>Prenotando entro il 25 maggio: 50\u20ac<\/strong><b>*<\/b><\/p>\n<p>Prenotando dal 26 maggio: 60\u20ac*<\/p>\n<p><br><\/p>\n<p><\/p>\n<h6 style=\"font-size: 16px;\">2. eventi di gioved\u00ec e venerd\u00ec<\/h6>\n<p><strong>Prenotando entro il 25 maggio: 125\u20ac<\/strong><b>*<\/b><\/p>\n<p>Prenotando dal 26 maggio: 150\u20ac*<\/p>\n<p><br><\/p>\n<p><\/p>\n<h6 style=\"font-size: 16px;\">3. eventi di sabato e domenica<\/h6>\n<p><strong>Prenotando entro il 25 maggio: 150\u20ac<\/strong><b>*<\/b><\/p>\n<p>Prenotando dal 26 maggio: 175\u20ac*<\/p>\n<p><br><\/p>\n<p><\/p>\n<h6 style=\"font-size: 16px;\">4. tutti gli eventi di Sound of Silence<\/h6>\n<p><strong>Prenotando entro il 25 maggio: 250\u20ac*<\/strong><b>*<\/b><\/p>\n<p><em style=\"font-size: 14px;\">*<\/em><span style=\"font-size: 14px;\"><i>*&nbsp;<\/i><\/span><em style=\"font-size: 14px;\">per tutte le attivit\u00e0 ed uso piscina esclusi vitto e alloggio per chi prenota entro il 25 maggio<\/em><\/p>\n<p>Prenotando dal 26 maggio: 300\u20ac*<\/p>\n<p><br><\/p>\n<p><br><\/p>\n<p>* I costi si riferiscono unicamente alle attivit\u00e0. <br><b>Sono esclusi il vitto e l&#8217;alloggio<\/b><\/p>\n<p><br><\/p>\n<p><\/p>\n<hr>\n<h4><strong>Modalit\u00e0 di prenotazione<\/strong><\/h4>\n<p>Bonifico bancario su conto corrente:<\/p>\n<ul>\n<li>intestato a Sammasati di Rosati Pamela<\/li>\n<li>iban IT22A0882613308000000118138<\/li>\n<li>causale: festival Sound of Silence nome e cognome e nr. opzione scelta<\/li>\n<\/ul>\n<p>Per qualsiasi dubbio, contatta direttamente Sammasati di Rosati Pamela tramite:<\/p>\t\t\t\t\t\t\t\t<\/div>\n\t\t\t\t<\/div>\n\t\t<div class=\"elementor-element elementor-element-71186a2 e-grid e-con-full e-con e-parent\" data-id=\"71186a2\" data-element_type=\"container\">\n\t\t\t\t<div class=\"vamtam-has-theme-widget-styles elementor-element elementor-element-42d806d elementor-button-info elementor-align-justify elementor-mobile-align-justify elementor-widget__width-inherit elementor-widget-mobile__width-inherit elementor-widget elementor-widget-button\" data-id=\"42d806d\" data-element_type=\"widget\" data-widget_type=\"button.default\">\n\t\t\t\t<div class=\"elementor-widget-container\">\n\t\t\t\t\t\t\t\t\t<div class=\"elementor-button-wrapper\">\n\t\t\t\t\t<a class=\"elementor-button elementor-button-link elementor-size-sm\" href=\"mailto:sammasatipesaro@gmail.com\">\n\t\t\t\t\t\t<span class=\"elementor-button-content-wrapper\">\n\t\t\t\t\t\t<span class=\"elementor-button-icon\">\n\t\t\t\t<svg aria-hidden=\"true\" class=\"e-font-icon-svg e-fas-envelope\" viewbox=\"0 0 512 512\" xmlns=\"http:\/\/www.w3.org\/2000\/svg\"><path d=\"M502.3 190.8c3.9-3.1 9.7-.2 9.7 4.7V400c0 26.5-21.5 48-48 48H48c-26.5 0-48-21.5-48-48V195.6c0-5 5.7-7.8 9.7-4.7 22.4 17.4 52.1 39.5 154.1 113.6 21.1 15.4 56.7 47.8 92.2 47.6 35.7.3 72-32.8 92.3-47.6 102-74.1 131.6-96.3 154-113.7zM256 320c23.2.4 56.6-29.2 73.4-41.4 132.7-96.3 142.8-104.7 173.4-128.7 5.8-4.5 9.2-11.5 9.2-18.9v-19c0-26.5-21.5-48-48-48H48C21.5 64 0 85.5 0 112v19c0 7.4 3.4 14.3 9.2 18.9 30.6 23.9 40.7 32.4 173.4 128.7 16.8 12.2 50.2 41.8 73.4 41.4z\"><\/path><\/svg>\t\t\t<\/span>\n\t\t\t\t\t\t\t\t\t<span class=\"elementor-button-text\">E-mail<\/span>\n\t\t\t\t\t<\/span>\n\t\t\t\t\t<\/a>\n\t\t\t\t<\/div>\n\t\t\t\t\t\t\t\t<\/div>\n\t\t\t\t<\/div>\n\t\t\t\t<div class=\"vamtam-has-theme-widget-styles elementor-element elementor-element-529d930 elementor-align-justify elementor-mobile-align-justify elementor-widget__width-inherit elementor-widget elementor-widget-button\" data-id=\"529d930\" data-element_type=\"widget\" data-widget_type=\"button.default\">\n\t\t\t\t<div class=\"elementor-widget-container\">\n\t\t\t\t\t\t\t\t\t<div class=\"elementor-button-wrapper\">\n\t\t\t\t\t<a class=\"elementor-button elementor-button-link elementor-size-sm\" href=\"https:\/\/api.whatsapp.com\/send?phone=3201927362&#038;text=Vorrei%20richiedere%20informazioni%20per%20il%20festival%20Sound%20of%20Silence\">\n\t\t\t\t\t\t<span class=\"elementor-button-content-wrapper\">\n\t\t\t\t\t\t<span class=\"elementor-button-icon\">\n\t\t\t\t<svg aria-hidden=\"true\" class=\"e-font-icon-svg e-fab-whatsapp\" viewbox=\"0 0 448 512\" xmlns=\"http:\/\/www.w3.org\/2000\/svg\"><path d=\"M380.9 97.1C339 55.1 283.2 32 223.9 32c-122.4 0-222 99.6-222 222 0 39.1 10.2 77.3 29.6 111L0 480l117.7-30.9c32.4 17.7 68.9 27 106.1 27h.1c122.3 0 224.1-99.6 224.1-222 0-59.3-25.2-115-67.1-157zm-157 341.6c-33.2 0-65.7-8.9-94-25.7l-6.7-4-69.8 18.3L72 359.2l-4.4-7c-18.5-29.4-28.2-63.3-28.2-98.2 0-101.7 82.8-184.5 184.6-184.5 49.3 0 95.6 19.2 130.4 54.1 34.8 34.9 56.2 81.2 56.1 130.5 0 101.8-84.9 184.6-186.6 184.6zm101.2-138.2c-5.5-2.8-32.8-16.2-37.9-18-5.1-1.9-8.8-2.8-12.5 2.8-3.7 5.6-14.3 18-17.6 21.8-3.2 3.7-6.5 4.2-12 1.4-32.6-16.3-54-29.1-75.5-66-5.7-9.8 5.7-9.1 16.3-30.3 1.8-3.7.9-6.9-.5-9.7-1.4-2.8-12.5-30.1-17.1-41.2-4.5-10.8-9.1-9.3-12.5-9.5-3.2-.2-6.9-.2-10.6-.2-3.7 0-9.7 1.4-14.8 6.9-5.1 5.6-19.4 19-19.4 46.3 0 27.3 19.9 53.7 22.6 57.4 2.8 3.7 39.1 59.7 94.8 83.8 35.2 15.2 49 16.5 66.6 13.9 10.7-1.6 32.8-13.4 37.4-26.4 4.6-13 4.6-24.1 3.2-26.4-1.3-2.5-5-3.9-10.5-6.6z\"><\/path><\/svg>\t\t\t<\/span>\n\t\t\t\t\t\t\t\t\t<span class=\"elementor-button-text\">whatsapp<\/span>\n\t\t\t\t\t<\/span>\n\t\t\t\t\t<\/a>\n\t\t\t\t<\/div>\n\t\t\t\t\t\t\t\t<\/div>\n\t\t\t\t<\/div>\n\t\t\t\t<\/div>\n\t\t\t\t<div class=\"elementor-element elementor-element-b9f9f9a elementor-widget elementor-widget-n-accordion\" data-id=\"b9f9f9a\" data-element_type=\"widget\" data-settings=\"{&quot;default_state&quot;:&quot;all_collapsed&quot;,&quot;max_items_expended&quot;:&quot;multiple&quot;,&quot;n_accordion_animation_duration&quot;:{&quot;unit&quot;:&quot;ms&quot;,&quot;size&quot;:400,&quot;sizes&quot;:[]}}\" data-widget_type=\"nested-accordion.default\">\n\t\t\t\t<div class=\"elementor-widget-container\">\n\t\t\t\t\t\t\t<div class=\"e-n-accordion\" aria-label=\"Accordion. Open links with Enter or Space, close with Escape, and navigate with Arrow Keys\">\n\t\t\t\t\t\t<details id=\"e-n-accordion-item-1950\" class=\"e-n-accordion-item\" >\n\t\t\t\t<summary class=\"e-n-accordion-item-title\" data-accordion-index=\"1\" tabindex=\"0\" aria-expanded=\"false\" aria-controls=\"e-n-accordion-item-1950\" >\n\t\t\t\t\t<span class='e-n-accordion-item-title-header'><div class=\"e-n-accordion-item-title-text\"> \u273f Leggi di pi\u00f9 su Corte San Ruffillo <\/div><\/span>\n\t\t\t\t\t\t\t<span class='e-n-accordion-item-title-icon'>\n\t\t\t<span class='e-opened' ><svg aria-hidden=\"true\" class=\"e-font-icon-svg e-fas-minus\" viewbox=\"0 0 448 512\" xmlns=\"http:\/\/www.w3.org\/2000\/svg\"><path d=\"M416 208H32c-17.67 0-32 14.33-32 32v32c0 17.67 14.33 32 32 32h384c17.67 0 32-14.33 32-32v-32c0-17.67-14.33-32-32-32z\"><\/path><\/svg><\/span>\n\t\t\t<span class='e-closed'><svg aria-hidden=\"true\" class=\"e-font-icon-svg e-fas-plus\" viewbox=\"0 0 448 512\" xmlns=\"http:\/\/www.w3.org\/2000\/svg\"><path d=\"M416 208H272V64c0-17.67-14.33-32-32-32h-32c-17.67 0-32 14.33-32 32v144H32c-17.67 0-32 14.33-32 32v32c0 17.67 14.33 32 32 32h144v144c0 17.67 14.33 32 32 32h32c17.67 0 32-14.33 32-32V304h144c17.67 0 32-14.33 32-32v-32c0-17.67-14.33-32-32-32z\"><\/path><\/svg><\/span>\n\t\t<\/span>\n\n\t\t\t\t\t\t<\/summary>\n\t\t\t\t<div role=\"region\" aria-labelledby=\"e-n-accordion-item-1950\" class=\"elementor-element elementor-element-fa0c567 e-flex e-con-boxed e-con e-child\" data-id=\"fa0c567\" data-element_type=\"container\">\n\t\t\t\t\t<div class=\"e-con-inner\">\n\t\t\t\t<div class=\"elementor-element elementor-element-5cb855c elementor-widget elementor-widget-text-editor\" data-id=\"5cb855c\" data-element_type=\"widget\" data-widget_type=\"text-editor.default\">\n\t\t\t\t<div class=\"elementor-widget-container\">\n\t\t\t\t\t\t\t\t\t<h4><strong><span style=\"font-family: Inconsolata, sans-serif;\">L\u2019Alchimia del Nutrire: Una Cucina che Ascolta<\/span><\/strong><\/h4><p><span style=\"font-family: Inconsolata, sans-serif;\">\u00a0<\/span><\/p><p><span style=\"font-family: Inconsolata, sans-serif;\">In sintonia con la filosofia del festival, la nostra proposta gastronomica \u00e8 curata interamente dalla cucina interna di Corte. Non si tratta semplicemente di preparare pasti, ma di comporre una sinfonia di sapori che sostenga il lavoro energetico e meditativo svolto durante le giornate.<\/span><\/p><p><span style=\"font-family: Inconsolata, sans-serif;\">\u00a0<\/span><\/p><p><span style=\"font-family: Inconsolata, sans-serif;\">Abbiamo scelto una cucina che rispetti il &#8220;canto biologico della vita&#8221;, privilegiando frequenze armoniche anche nel piatto. Le nostre scelte si fondano su:<\/span><\/p><p><span style=\"font-family: Inconsolata, sans-serif;\">\u00a0<\/span><\/p><p><span style=\"font-family: Inconsolata, sans-serif;\"><strong>Rispetto del Ciclo Naturale<\/strong>: Ingredienti che rispettino la stagionalit\u00e0, armonizzandosi con l&#8217;attivit\u00e0 agricola e vinicola del luogo.<\/span><\/p><p><span style=\"font-family: Inconsolata, sans-serif;\">\u00a0<\/span><\/p><p><span style=\"font-family: Inconsolata, sans-serif;\"><strong>Leggerezza e Vitalit\u00e0<\/strong>: Una prevalenza di proposte vegetariane e integrali, pensate per mantenere il sistema nervoso in uno stato di rilassamento e apertura.<\/span><\/p><p><span style=\"font-family: Inconsolata, sans-serif;\">\u00a0<\/span><\/p><p><span style=\"font-family: Inconsolata, sans-serif;\"><strong>Consapevolezza Sensoriale<\/strong>: Ogni ingrediente \u00e8 selezionato per nutrire non solo il corpo fisico, ma anche la nostra componente pi\u00f9 sottile, trasformando il momento del pasto in un&#8217;estensione della meditazione.<\/span><\/p><p><span style=\"font-family: Inconsolata, sans-serif;\">\u00a0<\/span><\/p><p><span style=\"font-family: Inconsolata, sans-serif;\">Il Percorso Gastronomico delle Giornate<\/span><\/p><p><span style=\"font-family: Inconsolata, sans-serif;\">\u00a0<\/span><\/p><h4><strong><span style=\"font-family: Inconsolata, sans-serif;\">L&#8217;Inizio: Decantazione e Benvenuto<\/span><\/strong><\/h4><p><span style=\"font-family: Inconsolata, sans-serif;\">Il gioved\u00ec sera \u00e8 dedicato all&#8217;arrivo dolce. Per accompagnare il passaggio dalla vita ordinaria alla dimensione del festival, la cucina propone un Box Dinner essenziale ma curato: un rotolo di piadina vegetariana accompagnato da chips di verdure e un muffin. \u00c8 un pasto pensato per essere consumato in libert\u00e0, magari vicino alla piscina, favorendo quel processo di &#8220;decantazione&#8221; necessario per entrare in sintonia con il luogo.<\/span><\/p><p><span style=\"font-family: Inconsolata, sans-serif;\">\u00a0<\/span><\/p><h4><strong><span style=\"font-family: Inconsolata, sans-serif;\">Il Ritmo Quotidiano: Vitalit\u00e0 e Colore<\/span><\/strong><\/h4><p><span style=\"font-family: Inconsolata, sans-serif;\">Nelle giornate centrali, i Light Lunch a buffet diventano un momento di ricarica consapevole. La scelta cade sulla variet\u00e0 cromatica e nutrizionale: sei tipi di verdure fresche, proteine gentili come il tofu, le uova o i formaggi, e cereali cotti come il riso nero o il cous cous. Piatti come l&#8217;hummus di ceci o le polpette di legumi speziate offrono energia pulita, mentre un calice di vino della produzione della Corte celebra il legame con il territorio romagnolo. Il venerd\u00ec, l&#8217;esperienza si sposta sul prato con un Pic Nic, per non interrompere il contatto con la natura e la musicalit\u00e0 degli elementi.<\/span><\/p><p><span style=\"font-family: Inconsolata, sans-serif;\">\u00a0<\/span><\/p><h4><strong><span style=\"font-family: Inconsolata, sans-serif;\">La Celebrazione: La Cena Sound of Silence<\/span><\/strong><\/h4><p><span style=\"font-family: Inconsolata, sans-serif;\">Il sabato sera, la cucina interna esprime il massimo della sua creativit\u00e0 con una cena dedicata alla celebrazione della vita. Il menu si apre con la freschezza di un gazpacho di benvenuto, seguito da una lasagnetta vegetariana e spiedini di verdure alla brace profumati alla focaccia al rosmarino. \u00c8 il momento in cui il piacere del palato si fonde con la gioia della condivisione, preparando lo spirito agli eventi musicali della serata.<\/span><\/p><p><span style=\"font-family: Inconsolata, sans-serif;\">\u00a0<\/span><\/p><p><span style=\"font-family: Inconsolata, sans-serif;\">Ogni ingrediente e ogni ricetta sono stati selezionati per ricordare che siamo &#8220;strumenti di risonanza&#8221; e che ci\u00f2 di cui ci nutriamo contribuisce a rendere la nostra nota unica, pulita e vibrante.<\/span><\/p><p><span style=\"font-family: Inconsolata, sans-serif;\">\u00a0<\/span><\/p><h4><strong><span style=\"font-family: Inconsolata, sans-serif;\">Pernottare a Corte San Ruffillo: L&#8217;Esperienza Totale<\/span><\/strong><\/h4><p><span style=\"font-family: Inconsolata, sans-serif;\">Scegliere di soggiornare direttamente presso l&#8217;agriresort permette una immersione completa nelle frequenze del festival. Abitare il borgo per tutta la durata dell&#8217;evento significa eliminare la distrazione degli spostamenti e poter partecipare con naturalezza alle meditazioni del mattino (ore 08:00), lasciando che il riposo notturno diventi parte del processo di rigenerazione.<\/span><\/p><p><span style=\"font-family: Inconsolata, sans-serif;\">\u00a0<\/span><\/p>\t\t\t\t\t\t\t\t<\/div>\n\t\t\t\t<\/div>\n\t\t\t\t\t<\/div>\n\t\t\t\t<\/div>\n\t\t\t\t\t<\/details>\n\t\t\t\t\t\t<details id=\"ProgrammaSingolo\" class=\"e-n-accordion-item\" >\n\t\t\t\t<summary class=\"e-n-accordion-item-title\" data-accordion-index=\"2\" tabindex=\"-1\" aria-expanded=\"false\" aria-controls=\"ProgrammaSingolo\" >\n\t\t\t\t\t<span class='e-n-accordion-item-title-header'><div class=\"e-n-accordion-item-title-text\"> \ud83c\udf1f Programma - Singole attivit\u00e0 <\/div><\/span>\n\t\t\t\t\t\t\t<span class='e-n-accordion-item-title-icon'>\n\t\t\t<span class='e-opened' ><svg aria-hidden=\"true\" class=\"e-font-icon-svg e-fas-minus\" viewbox=\"0 0 448 512\" xmlns=\"http:\/\/www.w3.org\/2000\/svg\"><path d=\"M416 208H32c-17.67 0-32 14.33-32 32v32c0 17.67 14.33 32 32 32h384c17.67 0 32-14.33 32-32v-32c0-17.67-14.33-32-32-32z\"><\/path><\/svg><\/span>\n\t\t\t<span class='e-closed'><svg aria-hidden=\"true\" class=\"e-font-icon-svg e-fas-plus\" viewbox=\"0 0 448 512\" xmlns=\"http:\/\/www.w3.org\/2000\/svg\"><path d=\"M416 208H272V64c0-17.67-14.33-32-32-32h-32c-17.67 0-32 14.33-32 32v144H32c-17.67 0-32 14.33-32 32v32c0 17.67 14.33 32 32 32h144v144c0 17.67 14.33 32 32 32h32c17.67 0 32-14.33 32-32V304h144c17.67 0 32-14.33 32-32v-32c0-17.67-14.33-32-32-32z\"><\/path><\/svg><\/span>\n\t\t<\/span>\n\n\t\t\t\t\t\t<\/summary>\n\t\t\t\t<div role=\"region\" aria-labelledby=\"ProgrammaSingolo\" class=\"elementor-element elementor-element-2008295 e-con-full e-flex e-con e-child\" data-id=\"2008295\" data-element_type=\"container\">\n\t\t<div role=\"region\" aria-labelledby=\"ProgrammaSingolo\" class=\"elementor-element elementor-element-962ee56 e-flex e-con-boxed e-con e-child\" data-id=\"962ee56\" data-element_type=\"container\">\n\t\t\t\t\t<div class=\"e-con-inner\">\n\t\t\t\t<div class=\"elementor-element elementor-element-8c78ac9 elementor-widget elementor-widget-text-editor\" data-id=\"8c78ac9\" data-element_type=\"widget\" data-widget_type=\"text-editor.default\">\n\t\t\t\t<div class=\"elementor-widget-container\">\n\t\t\t\t\t\t\t\t\t<h4 dir=\"ltr\"><strong>PROGRAMMA PER GIOVED\u00cc 23 LUGLIO<\/strong><\/h4><p>\u00a0<\/p><h5 dir=\"ltr\"><strong>Gioved\u00ec 23 dalle ore 17.00-20.00<\/strong><\/h5><p dir=\"ltr\">Sottofondo sonoro, natura, piscina e arrivo dolce<\/p><p dir=\"ltr\">In questo spazio temporale sar\u00e0 possibile godere della meravigliosa piscina della Corte con un sottofondo sonoro. Sar\u00e0 l\u2019occasione per godersi un po&#8217; di relax e\/o incontrare le altre persone nell\u2019attesa dell\u2019inizio degli eventi.<\/p><p dir=\"ltr\">\u00a0<\/p><h5 dir=\"ltr\"><strong>Gioved\u00ec 23 ore 20.00-20.45<\/strong><\/h5><p dir=\"ltr\">The Sound of Silence: l\u2019armonia interiore.\u00a0<\/p><p dir=\"ltr\">Evento inaugurale con il team Sound of Silence<\/p><p dir=\"ltr\">Location: prato esterno zona piscina e giardino\u00a0<\/p><p dir=\"ltr\">Sintonizzarsi con la propria capacit\u00e0 naturale di muoverci in armonia e sincronicit\u00e0 con la vita \u00e8 benefico e possibile. In questo evento di apertura del festival sar\u00e0 possibile accordare il ritmo del proprio corpo con la frequenza della propria anima.<\/p><p dir=\"ltr\">Durante questo evento verranno creati momenti per entrare in ascolto di s\u00e9 ed altri per creare una relazione armonica con gli altri.\u00a0<\/p><p dir=\"ltr\">\u00a0<\/p><h5 dir=\"ltr\"><strong>Gioved\u00ec 23 ore 20.45-22.15<\/strong><\/h5><p dir=\"ltr\">Concerto Esperienziale: Transational music<\/p><p dir=\"ltr\">Con Emiliano Toso e Valentina Wilhelm<\/p><p dir=\"ltr\">Location: prato esterno zona piscina e giardino\u00a0<\/p><p dir=\"ltr\">I brani Translational Music creano pace e silenzio interiore, rilassano la mente e promuovono il contatto con la nostra essenza pi\u00f9 profonda e spirituale.<\/p><p dir=\"ltr\">Attraverso i brani di Translational Music, suonati dal vivo al pianoforte e violino accordati a 432Hz, il pubblico entrer\u00e0 in connessione con la parte emotiva pi\u00f9 profonda di s\u00e9 per scoprire, nell&#8217;unicit\u00e0 del gruppo, il profondo legame che unisce musica e biologia.<\/p><p dir=\"ltr\">La parte musicale sar\u00e0 alternata a momenti in cui Emiliano Toso parler\u00e0 del suo percorso personale che l\u2019ha portato ad unire Scienza ed Arte.<\/p><p dir=\"ltr\">Durante la parte musicale, il pubblico potr\u00e0 decidere di vivere l\u2019evento in maniera ancora pi\u00f9 immersiva avvicinandosi al pianoforte, toccando lo strumento e magari sdraiandosi sotto la cassa armonica al fine di percepire, anche con il corpo, le vibrazioni sonore.<\/p><p dir=\"ltr\">\u00a0<\/p><p dir=\"ltr\">\u00a0<\/p><h4 dir=\"ltr\"><strong>PROGRAMMA PER VENERD\u00cc 24 LUGLIO<\/strong><\/h4><p>\u00a0<\/p><h5 dir=\"ltr\"><strong>Venerd\u00ec 24 ore 08.00-09.00<\/strong><\/h5><p dir=\"ltr\">Meditazione Osho Chakra Sound<\/p><p dir=\"ltr\">Con Sound Of Silence Team<\/p><p dir=\"ltr\">Location: sala cipressi<\/p><p dir=\"ltr\">Attraverso questa tecnica di meditazione attiva sar\u00e0 possibile creare una sintonizzazione interiore favorendo il riequilibrio energetico dei 7 principali chakra e la creazione di uno stato di armonia interiore.<\/p><p dir=\"ltr\">\u00a0<\/p><h5 dir=\"ltr\"><strong>Venerd\u00ec 24 ore 10.00-11.00<\/strong><\/h5><p dir=\"ltr\">Innocenza ed essenza: meditazione e musica a 432HZ<\/p><p dir=\"ltr\">Con Emiliano Toso<\/p><p dir=\"ltr\">Location: sala ippocastani<\/p><p dir=\"ltr\">In questo evento di un\u2019ora Emiliano Toso ci aiuter\u00e0 a riscoprire e nutrire l\u2019energia dell\u2019innocenza. Tutti i bambini nascono innocenti ed autentici e la nota che emettono \u00e8 unica e pulita. Con i condizionamenti questo suono naturale si distorce fino a stridere, dentro e fuori. Attraverso le vibrazioni positive di\u00a0Translational Music sar\u00e0 possibile riaccordarsi con la parte essenziale e pura di noi stessi.<\/p><p dir=\"ltr\">\u00a0<\/p><h5 dir=\"ltr\"><strong>Venerd\u00ec 24 ore 11.30-13.00<\/strong><\/h5><p dir=\"ltr\">The Sound of Silence: l\u2019infinito spartito della vita<\/p><p dir=\"ltr\">Con Sound of Silence team<\/p><p dir=\"ltr\">Location: prato antistante la chiesetta e la sala cipressi<\/p><p dir=\"ltr\">In questo evento il team del festival accompagner\u00e0 i partecipanti nel riconoscere e nello sperimentare le infinite opportunit\u00e0 della vita. Ognuno dei facilitatori sar\u00e0 co-creatore di un evento esperienziale dove ogni partecipante potr\u00e0 iniziare a percepire le varie dimensioni del suono e del silenzio, della musica e della meditazione. Si alterneranno parti di ascolto a momenti esperienziali dove usare il corpo, la voce e lo strumento meraviglioso che ognuno di noi \u00e8.<\/p><p dir=\"ltr\">\u00a0<\/p><h5 dir=\"ltr\"><strong>Venerd\u00ec 24 ore ore 15.00-16.30<\/strong><\/h5><p dir=\"ltr\">La musica dell\u2019anima<\/p><p dir=\"ltr\">Con Aseel e Aloka<\/p><p dir=\"ltr\">Location: prato antistante la chiesetta e la sala cipressi\u00a0<\/p><p dir=\"ltr\">Si tratta di una meditazione attiva e sociale pensata per favorire il riconoscimento della naturalezza e della semplicit\u00e0 con cui la vita accade in noi. Ogni partecipante sar\u00e0 invitato a riscoprire la propria bellezza e la forza delle proprie qualit\u00e0, viaggiando attraverso il corpo e l\u2019immaginazione nell\u2019universo interiore.<\/p><p dir=\"ltr\">Sar\u00e0 dato spazio per sperimentare ed accogliere il proprio suono naturale utilizzando il corpo come<\/p><p dir=\"ltr\">mezzo per viaggiare: da semplice forma fisica diventa strumento di risonanza con l&#8217;universo interiore.<\/p><p dir=\"ltr\">\u00a0<\/p><h5 dir=\"ltr\"><strong>Venerd\u00ec 24 ore ore 18.00-19.30<\/strong><\/h5><p dir=\"ltr\">Meditazione Osho Nataraj<\/p><p dir=\"ltr\">Con Sound Of Silence Team<\/p><p dir=\"ltr\">Location: sala cipressi<\/p><p dir=\"ltr\">Nataraj \u00e8 l\u2019energia della danza. Si tratta di danza come meditazione totale, in cui tutte le divisioni interiori scompaiono e rimane una consapevolezza sottile e rilassata. Mentre danzi ad un certo punto tu scompari e rimane solo la danza che ti attraversa. In questo modo il tuo ego si dissolve e rimani in contatto profondo della tua essenza.<\/p><p dir=\"ltr\">\u00a0<\/p><h5 dir=\"ltr\"><strong>Venerd\u00ec 24 ore ore 21.00-22.30<\/strong><\/h5><p dir=\"ltr\">Il suono celestiale: armonizzazione sonora con campane di cristallo e strumenti di quarzo<\/p><p dir=\"ltr\">con Mouji\u00a0<\/p><p dir=\"ltr\">Location: prato antistante la chiesetta e la sala cipressi<\/p><p dir=\"ltr\">Immergersi nel suono delle campane di cristallo \u00e8 una proposta di armonia: \u00e8 un invito a tornare ad allinearsi al proprio ritmo essenziale, in sintonia con il respiro della terra. Da questo spazio sicuro, dove la nostra parte terrena riceve sostegno e delicata gentilezza, le campane di cristallo ci conducono a viaggiare in uno spazio profondo, l\u00ec dove si risveglia il ricordo di chi siamo veramente: esseri cosmici, pura luce, che stanno vivendo una esperienza terrena in un corpo umano.<\/p><p dir=\"ltr\">\u00a0<\/p><p dir=\"ltr\">\u00a0<\/p><h4 dir=\"ltr\"><strong>PROGRAMMA PER SABATO 25 LUGLIO<\/strong><\/h4><p>\u00a0<\/p><h5 dir=\"ltr\"><strong>Sabato 25 ore 08.00-09.00<\/strong><\/h5><p dir=\"ltr\">Meditazione Osho Nadabrahma<\/p><p dir=\"ltr\">Con Sound Of Silence Team<\/p><p dir=\"ltr\">Location: sala cipressi<\/p><p dir=\"ltr\">Nadabrahma \u00e8 la meditazione dell\u2019\u201chumming\u201d \u2013 \u00e8 con l\u2019emissione del suono \u201cmmmmmmm\u201d a bocca chiusa e i movimenti delle mani che le parti in conflitto iniziano a sintonizzarsi, portando armonia a tutto il tuo essere. Poi, con il corpo e la mente in totale sintonia, scivoli fuori dalla loro presa e diventi un testimone di entrambi. Questo osservare dall\u2019esterno \u00e8 ci\u00f2 che porta pace, silenzio e beatitudine. Attraverso questa tecnica usi il suono per arrivare al silenzio dentro di te.<\/p><p dir=\"ltr\">\u00a0<\/p><h5 dir=\"ltr\"><strong>Sabato 25 ore 10.15-11.00<\/strong><\/h5><p dir=\"ltr\">Morning healing sound<\/p><p dir=\"ltr\">Con Sound Of Silence Team<\/p><p dir=\"ltr\">Location: prato del giardino di villa Filetto<\/p><p dir=\"ltr\">In questo momento il team del sound of silence creer\u00e0 un sottofondo sonoro di guarigione. Musica e silenzio si muoveranno in un\u2019alternanza nutriente e rigenerante. Il partecipante potr\u00e0 sedere o sdraiarsi in ascolto del suono. Sar\u00e0 possibile accedere anche durante l\u2019attivit\u00e0 avendo cura di non recare disturbo.<\/p><p dir=\"ltr\">\u00a0<\/p><h5 dir=\"ltr\"><strong>Sabato 25 ore 11.30-13.00<\/strong><\/h5><p dir=\"ltr\">L\u2019onda vibrazionale dei chakra<\/p><p dir=\"ltr\">Con Mouji e Prabhato<\/p><p dir=\"ltr\">Location: sala cipressi<\/p><p dir=\"ltr\">In questo evento di 90 min sar\u00e0 possibile esplorare le frequenze sonore e luminose dei nostri chakra. Queste ruote di energia funzionano tramite la vibrazione energetica ed emettono e sono sensibili a specifiche frequenze. Quando riusciamo a sintonizzarli con le giuste onde rispondono in modo benefico armonizzandosi tra di loro e creando un campo energetico ed aurico integro.<\/p><p dir=\"ltr\">\u00a0<\/p><h5 dir=\"ltr\"><strong>Sabato 25 ore ore 15.00-16.30<\/strong><\/h5><p dir=\"ltr\">Community Drum Circle<\/p><p dir=\"ltr\">Con Harshil<\/p><p dir=\"ltr\">Location: prato antistante la chiesetta e la sala cipressi<br \/>Quando creiamo bellezza insieme attraverso la musica, qualcosa dentro di noi si rilassa e viviamo uno spazio autentico di ascolto, talento e gioia condivisi. La mente si acquieta e possiamo comunicare oltre le parole, in modo semplice e naturale, a partire dal nostro essere.<\/p><p dir=\"ltr\">In un Community Drum Circle, suonare insieme tamburi e percussioni ci fa scoprire il piacere di collaborare, dialogare e celebrare la bellezza condivisa.<\/p><p dir=\"ltr\">Con la facilitazione di Harshil ci trasformeremo in una grande orchestra ritmica e, dopo aver creato musica in allegria e presenza, scopriremo come gustare insieme un modo nuovo di ascoltare il silenzio interiore.<\/p><p dir=\"ltr\">\u00a0<\/p><h5 dir=\"ltr\"><strong>Sabato 25 ore ore 18.00-19.30<\/strong><\/h5><p dir=\"ltr\">Meditazione Heart Chakra\u00a0<\/p><p dir=\"ltr\">Con Sound Of Silence Team<\/p><p dir=\"ltr\">Location: prato esterno sala Ippocastani<\/p><p dir=\"ltr\">La meditazione di espansione e sintonizzazione del chakra del cuore, aiuta ad aprire lo spazio del cuore. Si crea uno stato di coerenza cardiaca dove il ritmo del cuore \u00e8 armonico e, con il suo incedere regolare, armonizza tutto il sistema nervoso.<\/p><p dir=\"ltr\">\u00a0<\/p><h5 dir=\"ltr\"><strong>Sabato 25 ore ore 21.00-22.30<\/strong><\/h5><p dir=\"ltr\">Music Event<\/p><p dir=\"ltr\">con Mato e Harshil\u00a0<\/p><p dir=\"ltr\">Location: prato antistante la chiesetta e la sala cipressi<\/p><p dir=\"ltr\">Sar\u00e0 una cerimonia musicale, vestita da live performance. La prima parte sar\u00e0 di puro relax e viaggio interiore, con un profondo lavoro di pulizia energetica, lasciandosi attraversare dalle melodie e dalle frequenze emanate dagli handpan di Mato, che ci guider\u00e0 in un percorso sonoro attraverso i 4 elementi e le energie delle 4 direzioni, da esplorare dentro ognuno di noi, per riscoprire chiarezza e rafforzare gli intenti. Successivamente, insieme ad Harshil, il ritmo ed i suoni di percussioni ci accompagneranno a risvegliare i nostri corpi per poi danzare, gioire e celebrare tutti insieme.<\/p><p dir=\"ltr\">\u00a0<\/p><p dir=\"ltr\">\u00a0<\/p><h4 dir=\"ltr\"><strong>PROGRAMMA PER DOMENICA 26 LUGLIO<\/strong><\/h4><p>\u00a0<\/p><h5 dir=\"ltr\"><strong>Domenica 26 ore 08.00-09.00<\/strong><\/h5><p dir=\"ltr\">Meditazione Osho Chakra Breathing<\/p><p dir=\"ltr\">Con Sound Of Silence Team<\/p><p dir=\"ltr\">Location: sala cipressi<\/p><p dir=\"ltr\">Questa meditazione attiva usa la respirazione profonda e rapida e il movimento del corpo per aprire e portare consapevolezza, vitalit\u00e0 e silenzio a ciascuno dei sette chakra e quindi nella tua vita. La musica e le campane supportano energeticamente il processo e segnalano l&#8217;inizio di ogni fase. La meditazione viene eseguita a stomaco vuoto.<\/p><p dir=\"ltr\">\u00a0<\/p><h5 dir=\"ltr\"><strong>Domenica 26 ore 10.15-11.00<\/strong><\/h5><p dir=\"ltr\">Morning healing sound<\/p><p dir=\"ltr\">Con Sound Of Silence Team<\/p><p dir=\"ltr\">Location: prato del giardino di villa Filetto<\/p><p dir=\"ltr\">In questo momento il team del sound of silence creer\u00e0 un sottofondo sonoro di guarigione. Musica e silenzio si muoveranno in un\u2019alternanza nutriente e rigenerante. Il partecipante potr\u00e0 sedere o sdraiarsi in ascolto del suono. Sar\u00e0 possibile accedere anche durante l\u2019attivit\u00e0 avendo cura di non recare disturbo.<\/p><p dir=\"ltr\">\u00a0<\/p><h5 dir=\"ltr\"><strong>Domenica 26 ore 11.30-13.00<\/strong><\/h5><p dir=\"ltr\">Laboratorio suono, colore e silenzio<\/p><p dir=\"ltr\">Con Sound Of Silence Team<\/p><p dir=\"ltr\">Location: sala cipressi<\/p><p dir=\"ltr\">In questo evento di 90 min i partecipanti saranno accompagnati nell\u2019esprimere le proprie emozioni attraverso l\u2019uso dei colori. Un modo creativo di portare armonia nella propria vita.<\/p><p dir=\"ltr\">\u00a0<\/p><h5 dir=\"ltr\"><strong>Domenica 26 ore ore 15.00-16.30<\/strong><\/h5><p dir=\"ltr\">\u00a0\u201cLa Voce del Silenzio\u201d<\/p><p dir=\"ltr\">Con Sound Of Silence Team<\/p><p dir=\"ltr\">Location: prato antistante la chiesetta e la sala cipressi\u00a0<\/p><p dir=\"ltr\">Dopo giorni trascorsi immersi nei suoni, nelle armonie e nelle esperienze che hanno vibrato dentro e intorno a noi, questo ultimo momento \u00e8 dedicato a liberare l\u2019espressione della voce, a incontrare la verit\u00e0 del proprio suono, quello che rivela la tua presenza unica e il dono che sei sulla Terra.<\/p><p dir=\"ltr\">Dio \u00e8 silenzio, e il mondo \u00e8 il canto di quel silenzio. E lo stesso vale per te.<br \/>Tu sei entrambe le cose: il silenzio e il canto.<\/p><p>Il team di\u00a0Sound of Silence\u00a0dar\u00e0 vita a un cerchio di musica, uno spazio condiviso in cui le voci potranno aprirsi, incontrarsi e elevarsi insieme, fino a sfiorare il sacro.<\/p>\t\t\t\t\t\t\t\t<\/div>\n\t\t\t\t<\/div>\n\t\t\t\t\t<\/div>\n\t\t\t\t<\/div>\n\t\t\t\t<\/div>\n\t\t\t\t\t<\/details>\n\t\t\t\t\t\t<details id=\"e-n-accordion-item-1952\" class=\"e-n-accordion-item\" >\n\t\t\t\t<summary class=\"e-n-accordion-item-title\" data-accordion-index=\"3\" tabindex=\"-1\" aria-expanded=\"false\" aria-controls=\"e-n-accordion-item-1952\" >\n\t\t\t\t\t<span class='e-n-accordion-item-title-header'><div class=\"e-n-accordion-item-title-text\"> \ud83d\udecc Altre Soluzioni di Accoglienza <\/div><\/span>\n\t\t\t\t\t\t\t<span class='e-n-accordion-item-title-icon'>\n\t\t\t<span class='e-opened' ><svg aria-hidden=\"true\" class=\"e-font-icon-svg e-fas-minus\" viewbox=\"0 0 448 512\" xmlns=\"http:\/\/www.w3.org\/2000\/svg\"><path d=\"M416 208H32c-17.67 0-32 14.33-32 32v32c0 17.67 14.33 32 32 32h384c17.67 0 32-14.33 32-32v-32c0-17.67-14.33-32-32-32z\"><\/path><\/svg><\/span>\n\t\t\t<span class='e-closed'><svg aria-hidden=\"true\" class=\"e-font-icon-svg e-fas-plus\" viewbox=\"0 0 448 512\" xmlns=\"http:\/\/www.w3.org\/2000\/svg\"><path d=\"M416 208H272V64c0-17.67-14.33-32-32-32h-32c-17.67 0-32 14.33-32 32v144H32c-17.67 0-32 14.33-32 32v32c0 17.67 14.33 32 32 32h144v144c0 17.67 14.33 32 32 32h32c17.67 0 32-14.33 32-32V304h144c17.67 0 32-14.33 32-32v-32c0-17.67-14.33-32-32-32z\"><\/path><\/svg><\/span>\n\t\t<\/span>\n\n\t\t\t\t\t\t<\/summary>\n\t\t\t\t<div role=\"region\" aria-labelledby=\"e-n-accordion-item-1952\" class=\"elementor-element elementor-element-431c4be e-flex e-con-boxed e-con e-child\" data-id=\"431c4be\" data-element_type=\"container\">\n\t\t\t\t\t<div class=\"e-con-inner\">\n\t\t\t\t<div class=\"elementor-element elementor-element-259a995 elementor-widget elementor-widget-text-editor\" data-id=\"259a995\" data-element_type=\"widget\" data-widget_type=\"text-editor.default\">\n\t\t\t\t<div class=\"elementor-widget-container\">\n\t\t\t\t\t\t\t\t\t<p>Per chi desidera esplorare altre opzioni nel territorio, sono disponibili diverse strutture che collaborano con la filosofia di accoglienza della valle:<\/p><ul><li><strong>Naturaliterre (Dovadola, 7 km)<\/strong>: Un rifugio di pace che offre camere ispirate agli elementi naturali.<br \/>Sito: <a href=\"https:\/\/www.naturaliterre.com\/\">naturaliterre.com<\/a><\/li><\/ul><ul><li><strong>Grand Hotel Forl\u00ec (Vecchiazzano \u2013 16 km)<\/strong>: Per chi cerca il massimo comfort in una struttura moderna alle porte della citt\u00e0, a breve distanza da Dovadola.<br \/>Tel:<a style=\"font-family: inherit; font-size: inherit; font-style: inherit; font-variant-ligatures: inherit; font-variant-caps: inherit; font-weight: inherit;\" href=\"tel:+390543479586\"> +39 0543 479586<\/a><br \/>Email: <a style=\"font-family: inherit; font-size: inherit; font-style: inherit; font-variant-ligatures: inherit; font-variant-caps: inherit; font-weight: inherit;\" href=\"mailto:info@grandhotelforli.com\">info@grandhotelforli.com<\/a><\/li><\/ul><ul><li><strong>Camping Acquacheta (San Benedetto in Alpe 34 km)<\/strong>: Ideale per chi desidera un\u2019esperienza essenziale a stretto contatto con l\u2019ambiente del Parco Nazionale.<br \/>Tel: <a href=\"tel:+390543965314\">+39 0543 965314<\/a> | Cell: <a href=\"tel:+393429482909\">+39 342 9482909<\/a><br \/>Email: <a href=\"mailto:info@campingacquacheta.it\">info@campingacquacheta.it<\/a><br \/><b><br \/><\/b><\/li><li><b>Agriturismo Virano19 (Castrocaro &#8211; 6km):<\/b> Per coniugare il festival con la vicinanza alle storiche terme.<br \/><br \/><\/li><li><b>Agriturismo Il Casale, (Castrocaro &#8211; 6km):<br \/><\/b>Tel: <a style=\"font-family: inherit; font-size: inherit; font-style: inherit; font-variant-ligatures: inherit; font-variant-caps: inherit; font-weight: inherit;\" href=\"tel:+393355888333\">+39 335 5888333<\/a><br \/>Email: <a style=\"font-family: inherit; font-size: inherit; font-style: inherit; font-variant-ligatures: inherit; font-variant-caps: inherit; font-weight: inherit;\" href=\"mailto:info@agriturismoilcasalebio.it\">info@agriturismoilcasalebio.it<\/a><br \/><strong><br \/><\/strong><\/li><li><strong>Hotel Pasqui, (Rocca San Casciano \u2013 6,5 km)<\/strong><\/li><\/ul>\t\t\t\t\t\t\t\t<\/div>\n\t\t\t\t<\/div>\n\t\t\t\t\t<\/div>\n\t\t\t\t<\/div>\n\t\t\t\t\t<\/details>\n\t\t\t\t\t\t<details id=\"e-n-accordion-item-1953\" class=\"e-n-accordion-item\" >\n\t\t\t\t<summary class=\"e-n-accordion-item-title\" data-accordion-index=\"4\" tabindex=\"-1\" aria-expanded=\"false\" aria-controls=\"e-n-accordion-item-1953\" >\n\t\t\t\t\t<span class='e-n-accordion-item-title-header'><div class=\"e-n-accordion-item-title-text\"> \ud83d\udccc Come raggiungerci <\/div><\/span>\n\t\t\t\t\t\t\t<span class='e-n-accordion-item-title-icon'>\n\t\t\t<span class='e-opened' ><svg aria-hidden=\"true\" class=\"e-font-icon-svg e-fas-minus\" viewbox=\"0 0 448 512\" xmlns=\"http:\/\/www.w3.org\/2000\/svg\"><path d=\"M416 208H32c-17.67 0-32 14.33-32 32v32c0 17.67 14.33 32 32 32h384c17.67 0 32-14.33 32-32v-32c0-17.67-14.33-32-32-32z\"><\/path><\/svg><\/span>\n\t\t\t<span class='e-closed'><svg aria-hidden=\"true\" class=\"e-font-icon-svg e-fas-plus\" viewbox=\"0 0 448 512\" xmlns=\"http:\/\/www.w3.org\/2000\/svg\"><path d=\"M416 208H272V64c0-17.67-14.33-32-32-32h-32c-17.67 0-32 14.33-32 32v144H32c-17.67 0-32 14.33-32 32v32c0 17.67 14.33 32 32 32h144v144c0 17.67 14.33 32 32 32h32c17.67 0 32-14.33 32-32V304h144c17.67 0 32-14.33 32-32v-32c0-17.67-14.33-32-32-32z\"><\/path><\/svg><\/span>\n\t\t<\/span>\n\n\t\t\t\t\t\t<\/summary>\n\t\t\t\t<div role=\"region\" aria-labelledby=\"e-n-accordion-item-1953\" class=\"elementor-element elementor-element-8f11fc8 e-flex e-con-boxed e-con e-child\" data-id=\"8f11fc8\" data-element_type=\"container\">\n\t\t\t\t\t<div class=\"e-con-inner\">\n\t\t<div role=\"region\" aria-labelledby=\"e-n-accordion-item-1953\" class=\"elementor-element elementor-element-081db01 e-con-full e-flex e-con e-child\" data-id=\"081db01\" data-element_type=\"container\">\n\t\t\t\t<div class=\"elementor-element elementor-element-f8b65cf elementor-widget elementor-widget-text-editor\" data-id=\"f8b65cf\" data-element_type=\"widget\" data-widget_type=\"text-editor.default\">\n\t\t\t\t<div class=\"elementor-widget-container\">\n\t\t\t\t\t\t\t\t\t<ul><li>Via San Ruffillo 12, Dovadola (FC)<\/li><li>Dalla stazione ferroviaria di Forl\u00ec , autobus n\u00b0 127, fermata b.v. San Ruffillo<\/li><li><span style=\"color: #0c343d; font-family: garamond, times new roman, serif;\"><u><b><a href=\"https:\/\/moovitapp.com\/index\/it\/mezzi_pubblici-line-127-Bologna_e_Romagna-1783-905629-546052-0\" target=\"_blank\" rel=\"nofollow noopener noreferrer\">https:\/\/moovitapp.com<\/a><\/b><\/u><\/span><\/li><li>poi 800m a piedi.<\/li><\/ul><p>\u00a0<\/p><p><strong>Contacts<\/strong><\/p><ul><li>Tel:<span style=\"text-decoration: underline;\"><a href=\"tel:390543934674\" target=\"_blank\" rel=\"noopener\"> +39 0543 934674<\/a><\/span><\/li><li>Cell: <span style=\"text-decoration: underline;\"><a href=\"tel:393489404101\" target=\"_blank\" rel=\"noopener\">+39 348 9404101<\/a><\/span><\/li><li>Email: <span style=\"text-decoration: underline;\"><a href=\"mailto:info@cortesanruffillo.it\" target=\"_blank\" rel=\"noopener\">info@cortesanruffillo.it<\/a><\/span><\/li><\/ul>\t\t\t\t\t\t\t\t<\/div>\n\t\t\t\t<\/div>\n\t\t\t\t<\/div>\n\t\t\t\t\t<\/div>\n\t\t\t\t<\/div>\n\t\t\t\t\t<\/details>\n\t\t\t\t\t<\/div>\n\t\t\t\t\t\t<\/div>\n\t\t\t\t<\/div>\n\t\t\t\t<div class=\"elementor-element elementor-element-75506fb elementor-widget elementor-widget-text-editor\" data-id=\"75506fb\" data-element_type=\"widget\" data-widget_type=\"text-editor.default\">\n\t\t\t\t<div class=\"elementor-widget-container\">\n\t\t\t\t\t\t\t\t\t<h3 style=\"text-align: center;\"><em style=\"font-variant-ligatures: normal; font-variant-caps: normal; font-size: 18px; font-family: Inconsolata, sans-serif;\"><b>Il costo per accedere a tutte le attivit\u00e0 \u00e8 di 250\u20ac<\/b><\/em><\/h3><h3 style=\"text-align: center;\">PROMO EARLY BIRD!<\/h3><p style=\"text-align: center;\"><em>Prenota a un prezzo speciale <strong>entro il 28 aprile<\/strong><\/em><\/p>\t\t\t\t\t\t\t\t<\/div>\n\t\t\t\t<\/div>\n\t\t\t\t<div class=\"vamtam-has-theme-widget-styles elementor-element elementor-element-d43cbf9 elementor-align-justify elementor-widget elementor-widget-button\" data-id=\"d43cbf9\" data-element_type=\"widget\" data-widget_type=\"button.default\">\n\t\t\t\t<div class=\"elementor-widget-container\">\n\t\t\t\t\t\t\t\t\t<div class=\"elementor-button-wrapper\">\n\t\t\t\t\t<a class=\"elementor-button elementor-button-link elementor-size-sm\" href=\"https:\/\/www.cortesanruffillo.it\/wp-content\/uploads\/2026\/03\/The-Sound-of-Silence-Food-Stay.pdf\" target=\"_blank\" rel=\"nofollow\">\n\t\t\t\t\t\t<span class=\"elementor-button-content-wrapper\">\n\t\t\t\t\t\t<span class=\"elementor-button-icon\">\n\t\t\t\t<svg aria-hidden=\"true\" class=\"e-font-icon-svg e-far-arrow-alt-circle-down\" viewbox=\"0 0 512 512\" xmlns=\"http:\/\/www.w3.org\/2000\/svg\"><path d=\"M256 8C119 8 8 119 8 256s111 248 248 248 248-111 248-248S393 8 256 8zm0 448c-110.5 0-200-89.5-200-200S145.5 56 256 56s200 89.5 200 200-89.5 200-200 200zm-32-316v116h-67c-10.7 0-16 12.9-8.5 20.5l99 99c4.7 4.7 12.3 4.7 17 0l99-99c7.6-7.6 2.2-20.5-8.5-20.5h-67V140c0-6.6-5.4-12-12-12h-40c-6.6 0-12 5.4-12 12z\"><\/path><\/svg>\t\t\t<\/span>\n\t\t\t\t\t\t\t\t\t<span class=\"elementor-button-text\">Scopri i pacchetti attivit\u00e0 + soggiorno + food<\/span>\n\t\t\t\t\t<\/span>\n\t\t\t\t\t<\/a>\n\t\t\t\t<\/div>\n\t\t\t\t\t\t\t\t<\/div>\n\t\t\t\t<\/div>\n\t\t<div class=\"elementor-element elementor-element-312d23d e-grid e-con-full e-con e-parent\" data-id=\"312d23d\" data-element_type=\"container\">\n\t\t\t\t<div class=\"vamtam-has-theme-widget-styles elementor-element elementor-element-d3db657 elementor-button-info elementor-align-justify elementor-mobile-align-justify elementor-widget__width-inherit elementor-widget-mobile__width-inherit elementor-widget elementor-widget-button\" data-id=\"d3db657\" data-element_type=\"widget\" data-widget_type=\"button.default\">\n\t\t\t\t<div class=\"elementor-widget-container\">\n\t\t\t\t\t\t\t\t\t<div class=\"elementor-button-wrapper\">\n\t\t\t\t\t<a class=\"elementor-button elementor-button-link elementor-size-sm\" href=\"tel:+393489404101\">\n\t\t\t\t\t\t<span class=\"elementor-button-content-wrapper\">\n\t\t\t\t\t\t<span class=\"elementor-button-icon\">\n\t\t\t\t<svg aria-hidden=\"true\" class=\"e-font-icon-svg e-fas-phone-alt\" viewbox=\"0 0 512 512\" xmlns=\"http:\/\/www.w3.org\/2000\/svg\"><path d=\"M497.39 361.8l-112-48a24 24 0 0 0-28 6.9l-49.6 60.6A370.66 370.66 0 0 1 130.6 204.11l60.6-49.6a23.94 23.94 0 0 0 6.9-28l-48-112A24.16 24.16 0 0 0 122.6.61l-104 24A24 24 0 0 0 0 48c0 256.5 207.9 464 464 464a24 24 0 0 0 23.4-18.6l24-104a24.29 24.29 0 0 0-14.01-27.6z\"><\/path><\/svg>\t\t\t<\/span>\n\t\t\t\t\t\t\t\t\t<span class=\"elementor-button-text\">CHIAMA ora<\/span>\n\t\t\t\t\t<\/span>\n\t\t\t\t\t<\/a>\n\t\t\t\t<\/div>\n\t\t\t\t\t\t\t\t<\/div>\n\t\t\t\t<\/div>\n\t\t\t\t<div class=\"vamtam-has-theme-widget-styles elementor-element elementor-element-cbdaaf2 elementor-align-justify elementor-mobile-align-justify elementor-widget__width-inherit elementor-widget elementor-widget-button\" data-id=\"cbdaaf2\" data-element_type=\"widget\" data-widget_type=\"button.default\">\n\t\t\t\t<div class=\"elementor-widget-container\">\n\t\t\t\t\t\t\t\t\t<div class=\"elementor-button-wrapper\">\n\t\t\t\t\t<a class=\"elementor-button elementor-button-link elementor-size-sm\" href=\"https:\/\/api.whatsapp.com\/send?phone=3489404101&#038;text=Vorrei%20richiedere%20informazioni%20per%20il%20festival%20Sound%20of%20Silence\">\n\t\t\t\t\t\t<span class=\"elementor-button-content-wrapper\">\n\t\t\t\t\t\t<span class=\"elementor-button-icon\">\n\t\t\t\t<svg aria-hidden=\"true\" class=\"e-font-icon-svg e-fab-whatsapp\" viewbox=\"0 0 448 512\" xmlns=\"http:\/\/www.w3.org\/2000\/svg\"><path d=\"M380.9 97.1C339 55.1 283.2 32 223.9 32c-122.4 0-222 99.6-222 222 0 39.1 10.2 77.3 29.6 111L0 480l117.7-30.9c32.4 17.7 68.9 27 106.1 27h.1c122.3 0 224.1-99.6 224.1-222 0-59.3-25.2-115-67.1-157zm-157 341.6c-33.2 0-65.7-8.9-94-25.7l-6.7-4-69.8 18.3L72 359.2l-4.4-7c-18.5-29.4-28.2-63.3-28.2-98.2 0-101.7 82.8-184.5 184.6-184.5 49.3 0 95.6 19.2 130.4 54.1 34.8 34.9 56.2 81.2 56.1 130.5 0 101.8-84.9 184.6-186.6 184.6zm101.2-138.2c-5.5-2.8-32.8-16.2-37.9-18-5.1-1.9-8.8-2.8-12.5 2.8-3.7 5.6-14.3 18-17.6 21.8-3.2 3.7-6.5 4.2-12 1.4-32.6-16.3-54-29.1-75.5-66-5.7-9.8 5.7-9.1 16.3-30.3 1.8-3.7.9-6.9-.5-9.7-1.4-2.8-12.5-30.1-17.1-41.2-4.5-10.8-9.1-9.3-12.5-9.5-3.2-.2-6.9-.2-10.6-.2-3.7 0-9.7 1.4-14.8 6.9-5.1 5.6-19.4 19-19.4 46.3 0 27.3 19.9 53.7 22.6 57.4 2.8 3.7 39.1 59.7 94.8 83.8 35.2 15.2 49 16.5 66.6 13.9 10.7-1.6 32.8-13.4 37.4-26.4 4.6-13 4.6-24.1 3.2-26.4-1.3-2.5-5-3.9-10.5-6.6z\"><\/path><\/svg>\t\t\t<\/span>\n\t\t\t\t\t\t\t\t\t<span class=\"elementor-button-text\">whatsapp<\/span>\n\t\t\t\t\t<\/span>\n\t\t\t\t\t<\/a>\n\t\t\t\t<\/div>\n\t\t\t\t\t\t\t\t<\/div>\n\t\t\t\t<\/div>\n\t\t\t\t<\/div>\n\t\t\t\t\t<\/div>\n\t\t<\/div>\n\t\t\t\t\t<\/div>\n\t\t<\/section>\n\t\t<div class=\"elementor-element elementor-element-dd53d2a e-flex e-con-boxed e-con e-parent\" data-id=\"dd53d2a\" data-element_type=\"container\">\n\t\t\t\t\t<div class=\"e-con-inner\">\n\t\t\t\t\t<\/div>\n\t\t\t\t<\/div>\n\t\t\t\t<\/div>","protected":false},"excerpt":{"rendered":"<p>Festival di musica e meditazione<\/p>","protected":false},"author":3,"featured_media":992590,"comment_status":"closed","ping_status":"open","sticky":false,"template":"","format":"standard","meta":{"footnotes":""},"categories":[97],"tags":[],"class_list":["post-992609","post","type-post","status-publish","format-standard","has-post-thumbnail","hentry","category-eventi"],"yoast_head":"<!-- This site is optimized with the Yoast SEO plugin v25.3.1 - https:\/\/yoast.com\/wordpress\/plugins\/seo\/ -->\n<title>Sound of Silence - Corte San Ruffillo<\/title>\n<meta name=\"robots\" content=\"index, follow, max-snippet:-1, max-image-preview:large, max-video-preview:-1\" \/>\n<link rel=\"canonical\" href=\"https:\/\/www.cortesanruffillo.it\/en\/sound-of-silence\/\" \/>\n<meta property=\"og:locale\" content=\"en_GB\" \/>\n<meta property=\"og:type\" content=\"article\" \/>\n<meta property=\"og:title\" content=\"Sound of Silence - Corte San Ruffillo\" \/>\n<meta property=\"og:description\" content=\"Festival di musica e meditazione\" \/>\n<meta property=\"og:url\" content=\"https:\/\/www.cortesanruffillo.it\/en\/sound-of-silence\/\" \/>\n<meta property=\"og:site_name\" content=\"Corte San Ruffillo\" \/>\n<meta property=\"article:publisher\" content=\"https:\/\/www.facebook.com\/CorteSanRuffilloAgriturismo\/\" \/>\n<meta property=\"article:published_time\" content=\"2026-04-21T06:46:06+00:00\" \/>\n<meta property=\"article:modified_time\" content=\"2026-04-21T08:29:31+00:00\" \/>\n<meta property=\"og:image\" content=\"https:\/\/www.cortesanruffillo.it\/wp-content\/uploads\/2026\/03\/Sound-of-Silence-Web.jpeg\" \/>\n\t<meta property=\"og:image:width\" content=\"1280\" \/>\n\t<meta property=\"og:image:height\" content=\"914\" \/>\n\t<meta property=\"og:image:type\" content=\"image\/jpeg\" \/>\n<meta name=\"author\" content=\"Sara Vespignani\" \/>\n<meta name=\"twitter:card\" content=\"summary_large_image\" \/>\n<meta name=\"twitter:label1\" content=\"Written by\" \/>\n\t<meta name=\"twitter:data1\" content=\"Sara Vespignani\" \/>\n\t<meta name=\"twitter:label2\" content=\"Est. reading time\" \/>\n\t<meta name=\"twitter:data2\" content=\"32 minutes\" \/>\n<script type=\"application\/ld+json\" class=\"yoast-schema-graph\">{\"@context\":\"https:\/\/schema.org\",\"@graph\":[{\"@type\":\"Article\",\"@id\":\"https:\/\/www.cortesanruffillo.it\/sound-of-silence\/#article\",\"isPartOf\":{\"@id\":\"https:\/\/www.cortesanruffillo.it\/sound-of-silence\/\"},\"author\":{\"name\":\"Sara Vespignani\",\"@id\":\"https:\/\/www.cortesanruffillo.it\/#\/schema\/person\/a1b194c24753b49f93b0515af04169fd\"},\"headline\":\"Sound of Silence\",\"datePublished\":\"2026-04-21T06:46:06+00:00\",\"dateModified\":\"2026-04-21T08:29:31+00:00\",\"mainEntityOfPage\":{\"@id\":\"https:\/\/www.cortesanruffillo.it\/sound-of-silence\/\"},\"wordCount\":5882,\"publisher\":{\"@id\":\"https:\/\/www.cortesanruffillo.it\/#organization\"},\"image\":{\"@id\":\"https:\/\/www.cortesanruffillo.it\/sound-of-silence\/#primaryimage\"},\"thumbnailUrl\":\"https:\/\/www.cortesanruffillo.it\/wp-content\/uploads\/2026\/03\/Sound-of-Silence-Web.jpeg\",\"articleSection\":[\"Eventi\"],\"inLanguage\":\"en-GB\"},{\"@type\":\"WebPage\",\"@id\":\"https:\/\/www.cortesanruffillo.it\/sound-of-silence\/\",\"url\":\"https:\/\/www.cortesanruffillo.it\/sound-of-silence\/\",\"name\":\"Sound of Silence - Corte San Ruffillo\",\"isPartOf\":{\"@id\":\"https:\/\/www.cortesanruffillo.it\/#website\"},\"primaryImageOfPage\":{\"@id\":\"https:\/\/www.cortesanruffillo.it\/sound-of-silence\/#primaryimage\"},\"image\":{\"@id\":\"https:\/\/www.cortesanruffillo.it\/sound-of-silence\/#primaryimage\"},\"thumbnailUrl\":\"https:\/\/www.cortesanruffillo.it\/wp-content\/uploads\/2026\/03\/Sound-of-Silence-Web.jpeg\",\"datePublished\":\"2026-04-21T06:46:06+00:00\",\"dateModified\":\"2026-04-21T08:29:31+00:00\",\"breadcrumb\":{\"@id\":\"https:\/\/www.cortesanruffillo.it\/sound-of-silence\/#breadcrumb\"},\"inLanguage\":\"en-GB\",\"potentialAction\":[{\"@type\":\"ReadAction\",\"target\":[\"https:\/\/www.cortesanruffillo.it\/sound-of-silence\/\"]}]},{\"@type\":\"ImageObject\",\"inLanguage\":\"en-GB\",\"@id\":\"https:\/\/www.cortesanruffillo.it\/sound-of-silence\/#primaryimage\",\"url\":\"https:\/\/www.cortesanruffillo.it\/wp-content\/uploads\/2026\/03\/Sound-of-Silence-Web.jpeg\",\"contentUrl\":\"https:\/\/www.cortesanruffillo.it\/wp-content\/uploads\/2026\/03\/Sound-of-Silence-Web.jpeg\",\"width\":1280,\"height\":914},{\"@type\":\"BreadcrumbList\",\"@id\":\"https:\/\/www.cortesanruffillo.it\/sound-of-silence\/#breadcrumb\",\"itemListElement\":[{\"@type\":\"ListItem\",\"position\":1,\"name\":\"Home\",\"item\":\"https:\/\/www.cortesanruffillo.it\/\"},{\"@type\":\"ListItem\",\"position\":2,\"name\":\"Sound of Silence\"}]},{\"@type\":\"WebSite\",\"@id\":\"https:\/\/www.cortesanruffillo.it\/#website\",\"url\":\"https:\/\/www.cortesanruffillo.it\/\",\"name\":\"Corte San Ruffillo\",\"description\":\"Agriresort\",\"publisher\":{\"@id\":\"https:\/\/www.cortesanruffillo.it\/#organization\"},\"potentialAction\":[{\"@type\":\"SearchAction\",\"target\":{\"@type\":\"EntryPoint\",\"urlTemplate\":\"https:\/\/www.cortesanruffillo.it\/?s={search_term_string}\"},\"query-input\":{\"@type\":\"PropertyValueSpecification\",\"valueRequired\":true,\"valueName\":\"search_term_string\"}}],\"inLanguage\":\"en-GB\"},{\"@type\":\"Organization\",\"@id\":\"https:\/\/www.cortesanruffillo.it\/#organization\",\"name\":\"Corte San Ruffillo\",\"url\":\"https:\/\/www.cortesanruffillo.it\/\",\"logo\":{\"@type\":\"ImageObject\",\"inLanguage\":\"en-GB\",\"@id\":\"https:\/\/www.cortesanruffillo.it\/#\/schema\/logo\/image\/\",\"url\":\"https:\/\/www.cortesanruffillo.it\/wp-content\/uploads\/2021\/02\/CSR-logo-completo.svg\",\"contentUrl\":\"https:\/\/www.cortesanruffillo.it\/wp-content\/uploads\/2021\/02\/CSR-logo-completo.svg\",\"width\":1,\"height\":1,\"caption\":\"Corte San Ruffillo\"},\"image\":{\"@id\":\"https:\/\/www.cortesanruffillo.it\/#\/schema\/logo\/image\/\"},\"sameAs\":[\"https:\/\/www.facebook.com\/CorteSanRuffilloAgriturismo\/\",\"https:\/\/www.instagram.com\/cortesanruffillo\/\",\"https:\/\/www.matrimonio.com\/agriturismo-ricevimenti\/corte-san-ruffillo--e195922\",\"https:\/\/www.youtube.com\/@infocortesanruffillo3910\"]},{\"@type\":\"Person\",\"@id\":\"https:\/\/www.cortesanruffillo.it\/#\/schema\/person\/a1b194c24753b49f93b0515af04169fd\",\"name\":\"Sara Vespignani\",\"image\":{\"@type\":\"ImageObject\",\"inLanguage\":\"en-GB\",\"@id\":\"https:\/\/www.cortesanruffillo.it\/#\/schema\/person\/image\/\",\"url\":\"https:\/\/secure.gravatar.com\/avatar\/0b0fbfc1da4f78b83e97ec0c52a5d57a059ca952a5e43c62d719173407128d75?s=96&d=mm&r=g\",\"contentUrl\":\"https:\/\/secure.gravatar.com\/avatar\/0b0fbfc1da4f78b83e97ec0c52a5d57a059ca952a5e43c62d719173407128d75?s=96&d=mm&r=g\",\"caption\":\"Sara Vespignani\"},\"sameAs\":[\"http:\/\/www.cortesanruffillo.it\"],\"url\":\"https:\/\/www.cortesanruffillo.it\/en\/author\/csragriresort\/\"}]}<\/script>\n<!-- \/ Yoast SEO plugin. -->","yoast_head_json":{"title":"Sound of Silence - Corte San Ruffillo","robots":{"index":"index","follow":"follow","max-snippet":"max-snippet:-1","max-image-preview":"max-image-preview:large","max-video-preview":"max-video-preview:-1"},"canonical":"https:\/\/www.cortesanruffillo.it\/en\/sound-of-silence\/","og_locale":"en_GB","og_type":"article","og_title":"Sound of Silence - Corte San Ruffillo","og_description":"Festival di musica e meditazione","og_url":"https:\/\/www.cortesanruffillo.it\/en\/sound-of-silence\/","og_site_name":"Corte San Ruffillo","article_publisher":"https:\/\/www.facebook.com\/CorteSanRuffilloAgriturismo\/","article_published_time":"2026-04-21T06:46:06+00:00","article_modified_time":"2026-04-21T08:29:31+00:00","og_image":[{"width":1280,"height":914,"url":"https:\/\/www.cortesanruffillo.it\/wp-content\/uploads\/2026\/03\/Sound-of-Silence-Web.jpeg","type":"image\/jpeg"}],"author":"Sara Vespignani","twitter_card":"summary_large_image","twitter_misc":{"Written by":"Sara Vespignani","Est. reading time":"32 minutes"},"schema":{"@context":"https:\/\/schema.org","@graph":[{"@type":"Article","@id":"https:\/\/www.cortesanruffillo.it\/sound-of-silence\/#article","isPartOf":{"@id":"https:\/\/www.cortesanruffillo.it\/sound-of-silence\/"},"author":{"name":"Sara Vespignani","@id":"https:\/\/www.cortesanruffillo.it\/#\/schema\/person\/a1b194c24753b49f93b0515af04169fd"},"headline":"Sound of Silence","datePublished":"2026-04-21T06:46:06+00:00","dateModified":"2026-04-21T08:29:31+00:00","mainEntityOfPage":{"@id":"https:\/\/www.cortesanruffillo.it\/sound-of-silence\/"},"wordCount":5882,"publisher":{"@id":"https:\/\/www.cortesanruffillo.it\/#organization"},"image":{"@id":"https:\/\/www.cortesanruffillo.it\/sound-of-silence\/#primaryimage"},"thumbnailUrl":"https:\/\/www.cortesanruffillo.it\/wp-content\/uploads\/2026\/03\/Sound-of-Silence-Web.jpeg","articleSection":["Eventi"],"inLanguage":"en-GB"},{"@type":"WebPage","@id":"https:\/\/www.cortesanruffillo.it\/sound-of-silence\/","url":"https:\/\/www.cortesanruffillo.it\/sound-of-silence\/","name":"Sound of Silence - Corte San Ruffillo","isPartOf":{"@id":"https:\/\/www.cortesanruffillo.it\/#website"},"primaryImageOfPage":{"@id":"https:\/\/www.cortesanruffillo.it\/sound-of-silence\/#primaryimage"},"image":{"@id":"https:\/\/www.cortesanruffillo.it\/sound-of-silence\/#primaryimage"},"thumbnailUrl":"https:\/\/www.cortesanruffillo.it\/wp-content\/uploads\/2026\/03\/Sound-of-Silence-Web.jpeg","datePublished":"2026-04-21T06:46:06+00:00","dateModified":"2026-04-21T08:29:31+00:00","breadcrumb":{"@id":"https:\/\/www.cortesanruffillo.it\/sound-of-silence\/#breadcrumb"},"inLanguage":"en-GB","potentialAction":[{"@type":"ReadAction","target":["https:\/\/www.cortesanruffillo.it\/sound-of-silence\/"]}]},{"@type":"ImageObject","inLanguage":"en-GB","@id":"https:\/\/www.cortesanruffillo.it\/sound-of-silence\/#primaryimage","url":"https:\/\/www.cortesanruffillo.it\/wp-content\/uploads\/2026\/03\/Sound-of-Silence-Web.jpeg","contentUrl":"https:\/\/www.cortesanruffillo.it\/wp-content\/uploads\/2026\/03\/Sound-of-Silence-Web.jpeg","width":1280,"height":914},{"@type":"BreadcrumbList","@id":"https:\/\/www.cortesanruffillo.it\/sound-of-silence\/#breadcrumb","itemListElement":[{"@type":"ListItem","position":1,"name":"Home","item":"https:\/\/www.cortesanruffillo.it\/"},{"@type":"ListItem","position":2,"name":"Sound of Silence"}]},{"@type":"WebSite","@id":"https:\/\/www.cortesanruffillo.it\/#website","url":"https:\/\/www.cortesanruffillo.it\/","name":"Corte San Ruffillo","description":"Agriresort","publisher":{"@id":"https:\/\/www.cortesanruffillo.it\/#organization"},"potentialAction":[{"@type":"SearchAction","target":{"@type":"EntryPoint","urlTemplate":"https:\/\/www.cortesanruffillo.it\/?s={search_term_string}"},"query-input":{"@type":"PropertyValueSpecification","valueRequired":true,"valueName":"search_term_string"}}],"inLanguage":"en-GB"},{"@type":"Organization","@id":"https:\/\/www.cortesanruffillo.it\/#organization","name":"Corte San Ruffillo","url":"https:\/\/www.cortesanruffillo.it\/","logo":{"@type":"ImageObject","inLanguage":"en-GB","@id":"https:\/\/www.cortesanruffillo.it\/#\/schema\/logo\/image\/","url":"https:\/\/www.cortesanruffillo.it\/wp-content\/uploads\/2021\/02\/CSR-logo-completo.svg","contentUrl":"https:\/\/www.cortesanruffillo.it\/wp-content\/uploads\/2021\/02\/CSR-logo-completo.svg","width":1,"height":1,"caption":"Corte San Ruffillo"},"image":{"@id":"https:\/\/www.cortesanruffillo.it\/#\/schema\/logo\/image\/"},"sameAs":["https:\/\/www.facebook.com\/CorteSanRuffilloAgriturismo\/","https:\/\/www.instagram.com\/cortesanruffillo\/","https:\/\/www.matrimonio.com\/agriturismo-ricevimenti\/corte-san-ruffillo--e195922","https:\/\/www.youtube.com\/@infocortesanruffillo3910"]},{"@type":"Person","@id":"https:\/\/www.cortesanruffillo.it\/#\/schema\/person\/a1b194c24753b49f93b0515af04169fd","name":"Sara Vespignani","image":{"@type":"ImageObject","inLanguage":"en-GB","@id":"https:\/\/www.cortesanruffillo.it\/#\/schema\/person\/image\/","url":"https:\/\/secure.gravatar.com\/avatar\/0b0fbfc1da4f78b83e97ec0c52a5d57a059ca952a5e43c62d719173407128d75?s=96&d=mm&r=g","contentUrl":"https:\/\/secure.gravatar.com\/avatar\/0b0fbfc1da4f78b83e97ec0c52a5d57a059ca952a5e43c62d719173407128d75?s=96&d=mm&r=g","caption":"Sara Vespignani"},"sameAs":["http:\/\/www.cortesanruffillo.it"],"url":"https:\/\/www.cortesanruffillo.it\/en\/author\/csragriresort\/"}]}},"_links":{"self":[{"href":"https:\/\/www.cortesanruffillo.it\/en\/wp-json\/wp\/v2\/posts\/992609","targetHints":{"allow":["GET"]}}],"collection":[{"href":"https:\/\/www.cortesanruffillo.it\/en\/wp-json\/wp\/v2\/posts"}],"about":[{"href":"https:\/\/www.cortesanruffillo.it\/en\/wp-json\/wp\/v2\/types\/post"}],"author":[{"embeddable":true,"href":"https:\/\/www.cortesanruffillo.it\/en\/wp-json\/wp\/v2\/users\/3"}],"replies":[{"embeddable":true,"href":"https:\/\/www.cortesanruffillo.it\/en\/wp-json\/wp\/v2\/comments?post=992609"}],"version-history":[{"count":109,"href":"https:\/\/www.cortesanruffillo.it\/en\/wp-json\/wp\/v2\/posts\/992609\/revisions"}],"predecessor-version":[{"id":992782,"href":"https:\/\/www.cortesanruffillo.it\/en\/wp-json\/wp\/v2\/posts\/992609\/revisions\/992782"}],"wp:featuredmedia":[{"embeddable":true,"href":"https:\/\/www.cortesanruffillo.it\/en\/wp-json\/wp\/v2\/media\/992590"}],"wp:attachment":[{"href":"https:\/\/www.cortesanruffillo.it\/en\/wp-json\/wp\/v2\/media?parent=992609"}],"wp:term":[{"taxonomy":"category","embeddable":true,"href":"https:\/\/www.cortesanruffillo.it\/en\/wp-json\/wp\/v2\/categories?post=992609"},{"taxonomy":"post_tag","embeddable":true,"href":"https:\/\/www.cortesanruffillo.it\/en\/wp-json\/wp\/v2\/tags?post=992609"}],"curies":[{"name":"wp","href":"https:\/\/api.w.org\/{rel}","templated":true}]}}